{"id":46747,"date":"2021-04-25T14:28:18","date_gmt":"2021-04-25T14:28:18","guid":{"rendered":"https:\/\/jorgezanoni.com.br\/2019\/?p=46747"},"modified":"2021-04-25T14:28:18","modified_gmt":"2021-04-25T14:28:18","slug":"dados-da-saude-mostram-aplicacao-de-12-mil-doses-vencidas-da-astrazeneca-em-23-estados-destaque-para-dracena","status":"publish","type":"post","link":"https:\/\/jorgezanoni.com.br\/2019\/dados-da-saude-mostram-aplicacao-de-12-mil-doses-vencidas-da-astrazeneca-em-23-estados-destaque-para-dracena\/","title":{"rendered":"Dados da Sa\u00fade mostram aplica\u00e7\u00e3o de 1,2 mil doses vencidas da AstraZeneca em 23 estados. Destaque para Dracena"},"content":{"rendered":"<h2 style=\"text-align: justify;\"><strong>NA REPORTAGEM APARECE EM DESTAQUE, &#8220;DRACENA E V\u00cdDEO DO PREFEITO ANDR\u00c9 LEMOS&#8221;. CONFIRA TODOS OS ESTADOS E CIDADES QUE TIVERAM APLICA\u00c7\u00c3O DA VACINA VENCIDA NO LINK, NO FINAL DA MAT\u00c9RIA.<\/strong><\/h2>\n<h2 class=\"m-resume-single\" style=\"text-align: justify;\"><strong>Sa\u00fade registra aplica\u00e7\u00e3o de doses vencidas de vacina contra a Covid-19 pertencentes a lotes importados da \u00cdndia.<\/strong><\/h2>\n<p style=\"text-align: justify;\">At\u00e9 160 cidades em 23 estados aplicaram vacinas vencidas contra a Covid-19 na popula\u00e7\u00e3o, segundo dados oficiais do Minist\u00e9rio da Sa\u00fade. Os microdados de vacina\u00e7\u00e3o compilados pela pasta apontam que 1.254 pessoas foram inoculadas com doses de lotes do imunizante da Oxford\/AstraZeneca cuja data de expira\u00e7\u00e3o j\u00e1 tinha passado.<\/p>\n<p style=\"text-align: justify;\">Para chegar a informa\u00e7\u00e3o, o\u00a0<a href=\"https:\/\/www.metropoles.com\/tag\/mdados\" target=\"_blank\" rel=\"noopener noreferrer\">(M)Dados<\/a>, n\u00facleo de jornalismo de dados do\u00a0<strong>Metr\u00f3poles<\/strong>, cruzou as informa\u00e7\u00f5es oficiais sobre\u00a0<a href=\"https:\/\/opendatasus.saude.gov.br\/dataset\/covid-19-vacinacao\" target=\"_blank\" rel=\"noopener noreferrer\">vacinas aplicadas<\/a>\u00a0com os\u00a0<a href=\"https:\/\/sage.saude.gov.br\/sistemas\/vacina\/vacina_fases.php\" target=\"_blank\" rel=\"noopener noreferrer\">registros de envios de imunizantes para as unidades da federa\u00e7\u00e3o<\/a>, onde constam a data de vencimento para cada lote.<\/p>\n<p style=\"text-align: justify;\">O problema envolve as doses de tr\u00eas lotes de vacinas produzidas pela AstraZeneca em parceria com a Universidade de Oxford fabricadas na \u00cdndia e importadas prontas pelo Br<\/p>\n<div class=\"tr body-row\">\n<div class=\"td\">\n<div class=\"cell-body\">\n<h5 style=\"text-align: justify;\">Demora na libera\u00e7\u00e3o<\/h5>\n<p style=\"text-align: justify;\">A vinda dos primeiros lotes da vacina produzidos pelo instituto Serum, da \u00cdndia, sofreu com indefini\u00e7\u00f5es e idas e vindas. Ainda em 31 de dezembro do ano passado, a Fiocruz\u00a0<a href=\"https:\/\/www.gov.br\/casacivil\/pt-br\/assuntos\/noticias\/2021\/janeiro\/aprovada-pela-anvisa-a-importacao-de-dois-milhoes-de-doses-de-vacina-contra-a-covid-19\" target=\"_blank\" rel=\"noopener noreferrer\">pediu e conseguiu autoriza\u00e7\u00e3o da Ag\u00eancia Nacional de Vigil\u00e2ncia Sanit\u00e1ria (Anvisa)<\/a>\u00a0para importar 2 milh\u00f5es de doses.<\/p>\n<p style=\"text-align: justify;\">Duas semanas depois, no dia 14 de janeiro, o ent\u00e3o ministro da Sa\u00fade, Eduardo Pazuello, prometeu que um avi\u00e3o partiria do Brasil no mesmo dia para buscar as doses. A aeronave da empresa Azul foi adesivada pela equipe de marketing do governo,\u00a0<a href=\"https:\/\/www.metropoles.com\/brasil\/sem-autorizacao-da-india-voo-para-buscar-2-milhoes-de-vacinas-e-cancelado\" target=\"_blank\" rel=\"noopener noreferrer\">mas o voo acabou cancelado<\/a>, e a \u00cdndia s\u00f3 liberou as vacinas na semana seguinte. Elas\u00a0<a href=\"https:\/\/www.metropoles.com\/brasil\/chega-ao-brasil-aviao-com-2-milhoes-de-doses-da-vacina-oxford-astrazeneca\" target=\"_blank\" rel=\"noopener noreferrer\">chegaram em 22 de janeiro<\/a>, e come\u00e7aram a ser distribu\u00eddas aos estados no dia seguinte.<\/p>\n<p style=\"text-align: justify;\">A Funda\u00e7\u00e3o Oswaldo Cruz (Fiocruz), respons\u00e1vel pela produ\u00e7\u00e3o da Covishield no Brasil, apontou que os tr\u00eas lotes envolvidos vieram justamente nesse voo. Elas foram produzidos em outubro do ano passado no pa\u00eds asi\u00e1tico.<\/p>\n<h5 style=\"text-align: justify;\">A validade<\/h5>\n<p style=\"text-align: justify;\">Segundo a bula da vacina no site da Anvisa, a validade do imunizante \u00e9 de seis meses a partir da data de fabrica\u00e7\u00e3o, e o produto n\u00e3o deve ser usado ap\u00f3s o prazo previsto. \u201cN\u00e3o use medicamento com o prazo de validade vencido. Guarde-o em sua embalagem original\u201d, diz o documento oficial.<\/p>\n<p style=\"text-align: justify;\">De acordo com o registro no Minist\u00e9rio da Sa\u00fade, o lote 4120z001 foi autorizado para ser distribu\u00eddo em 24 de fevereiro e vencia em 29 de mar\u00e7o. A maior parte dos casos de aplica\u00e7\u00e3o de vacinas vencidas mapeados pela reportagem se refere a esse lote. Foram 869 casos identificados em cinco estados. J\u00e1 os lotes 4120Z004 \u2013 com 108 casos em cinco estados \u2013 e 4120Z005 \u2013 277 casos em 17 Unidades da Federa\u00e7\u00e3o \u2013 foram autorizados em 22 de janeiro e venceram em 13 e 14 de abril, respectivamente.<\/p>\n<p style=\"text-align: justify;\">As doses cujo registro oficial mostra quem estavam vencidas foram aplicadas nos seguintes estados:<\/p>\n<h5 style=\"text-align: justify;\">\u201cErro de procedimento\u201d<\/h5>\n<p style=\"text-align: justify;\">A epidemiologista Carla Domingues, que coordenou o Programa Nacional de Imuniza\u00e7\u00e3o (PNI) do Minist\u00e9rio da Sa\u00fade entre 2011 e 2019, afirma em entrevista ao\u00a0<strong>Metr\u00f3poles<\/strong>\u00a0que a aplica\u00e7\u00e3o de vacinas fora da data de validade \u201c\u00e9 um erro de procedimento, cuja responsabilidade \u00e9 de quem est\u00e1 na ponta: o munic\u00edpio, a sala de vacina\u201d.<\/p>\n<p style=\"text-align: justify;\">Segundo ela, o sistema p\u00fablico tinha por norma n\u00e3o enviar ao entes federativos vacinas com menos de 3 meses de validade. \u201cNuma situa\u00e7\u00e3o especial, como agora, pode-se flexibilizar para um m\u00eas, mas precisa haver agilidade\u201d.<\/p>\n<p style=\"text-align: justify;\">\u201cN\u00e3o h\u00e1 autoriza\u00e7\u00e3o ou previs\u00e3o para a aplica\u00e7\u00e3o fora da validade, as vencidas t\u00eam que ser desprezadas\u201d, acrescentou. A especialista afirma ainda que h\u00e1 casos em que pode ser pedido \u00e0 Anvisa a revalida\u00e7\u00e3o de datas de validade, mas que a decis\u00e3o precisa ser baseada em crit\u00e9rios t\u00e9cnicos.<\/p>\n<p style=\"text-align: justify;\">Procurada, a ag\u00eancia informou n\u00e3o ter recebido nenhum pedido nesse sentido e refor\u00e7ou que \u201cas condi\u00e7\u00f5es de conserva\u00e7\u00e3o, armazenamento e prazo de validade descritos em bula s\u00e3o baseados nos estudos de estabilidade e devem ser seguidos para garantir a qualidade de vacinas e medicamentos\u201d.<\/p>\n<h5 style=\"text-align: justify;\">O que pode acontecer<\/h5>\n<p style=\"text-align: justify;\">Ainda de acordo com a epidemiologista Carla Domingues, o problema da aplica\u00e7\u00e3o de vacinas vencidas \u00e9 a poss\u00edvel perda de efic\u00e1cia do princ\u00edpio ativo. \u201cEm princ\u00edpio, um dia, dois dias, uma semana, n\u00e3o vai fazer diferen\u00e7a. Mas isso \u00e9 teoricamente, e essa aplica\u00e7\u00e3o, se houve, n\u00e3o deixa de ser erro de procedimento, que n\u00e3o deve se repetir\u201d, afirma ela.<\/p>\n<p style=\"text-align: justify;\">Domingues afirmou ainda que, como no caso em que gr\u00e1vidas e crian\u00e7as foram vacinados por engano contra a Covid-19, o indicado \u00e9 que as autoridades acompanhem a sa\u00fade das pessoas durante algum tempo. \u201cPor seguran\u00e7a. Em princ\u00edpio, n\u00e3o h\u00e1 riscos \u00e0 sa\u00fade, mas a chance de alguma perda de efic\u00e1cia.\u201d<\/p>\n<p style=\"text-align: justify;\">Questionado sobre poss\u00edveis consequ\u00eancias de vacinas vencidas, a Fiocruz respondeu que podem ocorrer \u201ceventos adversos, incluindo a inefetividade terap\u00eautica\u201d.<\/p>\n<p style=\"text-align: justify;\">A Secretaria de Sa\u00fade do Maranh\u00e3o apontou que, \u201cnos estudos j\u00e1 realizados, os riscos da administra\u00e7\u00e3o da vacina com prazo de validade vencido s\u00e3o a ocorr\u00eancia de eventos considerados leves como dor e edema no local da aplica\u00e7\u00e3o, al\u00e9m da redu\u00e7\u00e3o na efic\u00e1cia da vacina\u201d.<\/p>\n<h5 style=\"text-align: justify;\">Reaplica\u00e7\u00e3o da vacina em Dracena<\/h5>\n<p style=\"text-align: justify;\">Uma das cidades em que os dados oficiais mostram a aplica\u00e7\u00e3o de doses vencidas \u00e9 Dracena (SP), a cerca de 640 km da capital estadual.<\/p>\n<p style=\"text-align: justify;\">A cidade foi procurada pelo\u00a0<strong>Metr\u00f3poles<\/strong>\u00a0na ter\u00e7a (20\/4) e n\u00e3o respondeu, mas nesta sexta (23\/4), o prefeito do munic\u00edpio, Andr\u00e9 Lemos (Patriota), admitiu que\u00a0<a href=\"https:\/\/www.dracena.sp.gov.br\/?pag=T1RVPU9EZz1PV0k9T1RrPU9UUT1OMlE9T0dNPU9XST1PR1U9T0dNPU9HWT1PV009T1dZPQ==&amp;id=107569\" target=\"_blank\" rel=\"noopener noreferrer\">80 pessoas foram inoculadas com doses vencidas<\/a>, todas do lote 4120Z001. Esse \u00e9 o mesmo n\u00famero identificado no cruzamento realizado pela reportagem. \u201cAs vacinas da AstraZeneca chegaram ao munic\u00edpio com um prazo de validade muito curto, de aproximadamente 30 dias\u201d,\u00a0<a href=\"https:\/\/www.metropoles.com\/brasil\/prefeitura-de-dracena-erra-e-doses-vencidas-contra-covid-sao-aplicadas\" target=\"_blank\" rel=\"noopener noreferrer\">afirmou o chefe do Executivo local<\/a>.<\/p>\n<p style=\"text-align: justify;\">A cidade ir\u00e1 vacinar novamente as pessoas que receberam as doses desse lote ap\u00f3s o vencimento.<\/p>\n<p style=\"text-align: justify;\">https:\/\/www.metropoles.com\/brasil\/dados-da-saude-mostram-aplicacao-de-12-mil-doses-vencidas-da-astrazeneca-em-23-estados<\/p>\n<\/div>\n<\/div>\n<\/div>\n","protected":false},"excerpt":{"rendered":"<p>NA REPORTAGEM APARECE EM DESTAQUE, &#8220;DRACENA E V\u00cdDEO DO PREFEITO ANDR\u00c9 LEMOS&#8221;. CONFIRA TODOS OS ESTADOS E CIDADES QUE TIVERAM APLICA\u00c7\u00c3O DA VACINA VENCIDA NO LINK, NO FINAL DA MAT\u00c9RIA. Sa\u00fade registra aplica\u00e7\u00e3o de doses vencidas de vacina contra a Covid-19 pertencentes a lotes importados da \u00cdndia. At\u00e9 160 cidades em 23 estados aplicaram vacinas [&hellip;]<\/p>\n","protected":false},"author":1,"featured_media":46748,"comment_status":"closed","ping_status":"open","sticky":false,"template":"","format":"standard","meta":{"footnotes":""},"categories":[110,122],"tags":[],"class_list":["post-46747","post","type-post","status-publish","format-standard","has-post-thumbnail","hentry","category-noticiasdestaque","category-saudeeducacaoeconcurso"],"_links":{"self":[{"href":"https:\/\/jorgezanoni.com.br\/2019\/wp-json\/wp\/v2\/posts\/46747","targetHints":{"allow":["GET"]}}],"collection":[{"href":"https:\/\/jorgezanoni.com.br\/2019\/wp-json\/wp\/v2\/posts"}],"about":[{"href":"https:\/\/jorgezanoni.com.br\/2019\/wp-json\/wp\/v2\/types\/post"}],"author":[{"embeddable":true,"href":"https:\/\/jorgezanoni.com.br\/2019\/wp-json\/wp\/v2\/users\/1"}],"replies":[{"embeddable":true,"href":"https:\/\/jorgezanoni.com.br\/2019\/wp-json\/wp\/v2\/comments?post=46747"}],"version-history":[{"count":0,"href":"https:\/\/jorgezanoni.com.br\/2019\/wp-json\/wp\/v2\/posts\/46747\/revisions"}],"wp:featuredmedia":[{"embeddable":true,"href":"https:\/\/jorgezanoni.com.br\/2019\/wp-json\/wp\/v2\/media\/46748"}],"wp:attachment":[{"href":"https:\/\/jorgezanoni.com.br\/2019\/wp-json\/wp\/v2\/media?parent=46747"}],"wp:term":[{"taxonomy":"category","embeddable":true,"href":"https:\/\/jorgezanoni.com.br\/2019\/wp-json\/wp\/v2\/categories?post=46747"},{"taxonomy":"post_tag","embeddable":true,"href":"https:\/\/jorgezanoni.com.br\/2019\/wp-json\/wp\/v2\/tags?post=46747"}],"curies":[{"name":"wp","href":"https:\/\/api.w.org\/{rel}","templated":true}]}}