{"id":46744,"date":"2021-04-25T13:11:29","date_gmt":"2021-04-25T13:11:29","guid":{"rendered":"https:\/\/jorgezanoni.com.br\/2019\/?p=46744"},"modified":"2021-04-25T16:33:15","modified_gmt":"2021-04-25T16:33:15","slug":"morre-andrea-di-nardi-monteiro","status":"publish","type":"post","link":"https:\/\/jorgezanoni.com.br\/2019\/morre-andrea-di-nardi-monteiro\/","title":{"rendered":"Morre Andr\u00e9a Di Nardi Monteiro"},"content":{"rendered":"<p style=\"text-align: justify;\">Comunicamos com pesar o falecimento de Andr\u00e9a Di Nardi Monteiro de 39 anos. Ela teve complica\u00e7\u00f5es da COVID-19. H\u00e1 poucos dias havia perdido o irm\u00e3o Renato e a tia T\u00e2nia.<\/p>\n<p style=\"text-align: justify;\">Deixa os pais Jaime Monteiro e Vanderli, demais familiares e amigos.<\/p>\n<div class=\"kvgmc6g5 cxmmr5t8 oygrvhab hcukyx3x c1et5uql ii04i59q\" style=\"text-align: justify;\"><\/div>\n<div class=\"o9v6fnle cxmmr5t8 oygrvhab hcukyx3x c1et5uql ii04i59q\">\n<div dir=\"auto\" style=\"text-align: justify;\">O Site JZ se solidariza com a fam\u00edlia e amigos neste dif\u00edcil momento.<\/div>\n<div dir=\"auto\" style=\"text-align: justify;\"><\/div>\n<div dir=\"auto\" style=\"text-align: justify;\">Jorge Zanoni<\/div>\n<div dir=\"auto\"><\/div>\n<div dir=\"auto\"><img loading=\"lazy\" decoding=\"async\" class=\"alignnone size-full wp-image-46750\" src=\"https:\/\/jorgezanoni.com.br\/2019\/wp-content\/uploads\/2021\/04\/Andrea.jpg\" alt=\"\" width=\"540\" height=\"540\" srcset=\"https:\/\/jorgezanoni.com.br\/2019\/wp-content\/uploads\/2021\/04\/Andrea.jpg 540w, https:\/\/jorgezanoni.com.br\/2019\/wp-content\/uploads\/2021\/04\/Andrea-300x300.jpg 300w, https:\/\/jorgezanoni.com.br\/2019\/wp-content\/uploads\/2021\/04\/Andrea-150x150.jpg 150w, https:\/\/jorgezanoni.com.br\/2019\/wp-content\/uploads\/2021\/04\/Andrea-420x420.jpg 420w\" sizes=\"auto, (max-width: 540px) 100vw, 540px\" \/><\/div>\n<\/div>\n","protected":false},"excerpt":{"rendered":"<p>Comunicamos com pesar o falecimento de Andr\u00e9a Di Nardi Monteiro de 39 anos. Ela teve complica\u00e7\u00f5es da COVID-19. H\u00e1 poucos dias havia perdido o irm\u00e3o Renato e a tia T\u00e2nia. Deixa os pais Jaime Monteiro e Vanderli, demais familiares e amigos. O Site JZ se solidariza com a fam\u00edlia e amigos neste dif\u00edcil momento. Jorge [&hellip;]<\/p>\n","protected":false},"author":1,"featured_media":46745,"comment_status":"closed","ping_status":"open","sticky":false,"template":"","format":"standard","meta":{"footnotes":""},"categories":[178,110],"tags":[],"class_list":["post-46744","post","type-post","status-publish","format-standard","has-post-thumbnail","hentry","category-notadefalecimento","category-noticiasdestaque"],"_links":{"self":[{"href":"https:\/\/jorgezanoni.com.br\/2019\/wp-json\/wp\/v2\/posts\/46744","targetHints":{"allow":["GET"]}}],"collection":[{"href":"https:\/\/jorgezanoni.com.br\/2019\/wp-json\/wp\/v2\/posts"}],"about":[{"href":"https:\/\/jorgezanoni.com.br\/2019\/wp-json\/wp\/v2\/types\/post"}],"author":[{"embeddable":true,"href":"https:\/\/jorgezanoni.com.br\/2019\/wp-json\/wp\/v2\/users\/1"}],"replies":[{"embeddable":true,"href":"https:\/\/jorgezanoni.com.br\/2019\/wp-json\/wp\/v2\/comments?post=46744"}],"version-history":[{"count":0,"href":"https:\/\/jorgezanoni.com.br\/2019\/wp-json\/wp\/v2\/posts\/46744\/revisions"}],"wp:featuredmedia":[{"embeddable":true,"href":"https:\/\/jorgezanoni.com.br\/2019\/wp-json\/wp\/v2\/media\/46745"}],"wp:attachment":[{"href":"https:\/\/jorgezanoni.com.br\/2019\/wp-json\/wp\/v2\/media?parent=46744"}],"wp:term":[{"taxonomy":"category","embeddable":true,"href":"https:\/\/jorgezanoni.com.br\/2019\/wp-json\/wp\/v2\/categories?post=46744"},{"taxonomy":"post_tag","embeddable":true,"href":"https:\/\/jorgezanoni.com.br\/2019\/wp-json\/wp\/v2\/tags?post=46744"}],"curies":[{"name":"wp","href":"https:\/\/api.w.org\/{rel}","templated":true}]}}