{"id":4672,"date":"2019-08-24T20:03:08","date_gmt":"2019-08-24T20:03:08","guid":{"rendered":"https:\/\/jorgezanoni.com.br\/2019\/?p=4672"},"modified":"2019-08-24T20:03:08","modified_gmt":"2019-08-24T20:03:08","slug":"rodovia-sp-425-tem-colorido-especial-em-trecho-de-dracena","status":"publish","type":"post","link":"https:\/\/jorgezanoni.com.br\/2019\/rodovia-sp-425-tem-colorido-especial-em-trecho-de-dracena\/","title":{"rendered":"Rodovia SP-425 tem colorido especial em trecho de Dracena"},"content":{"rendered":"<p style=\"text-align: justify;\">A rodovia Gal. Euclides de Oliveira Figueiredo, SP-425, tamb\u00e9m conhecida como Integra\u00e7\u00e3o, est\u00e1 bonita de ver, n\u00e3o o asfalto que est\u00e1 deixando a desejar, mas os p\u00e9s de Ip\u00ea-amarelo. S\u00e3o diversos deles no trecho entre a rodovia vicinal Jo\u00e3o Ara\u00fajo que liga ai bairro Iandara, at\u00e9 a rotat\u00f3ria de Tupi Paulista.<\/p>\n<p style=\"text-align: justify;\">Jorge Zanoni<\/p>\n<h1 id=\"firstHeading\" class=\"firstHeading\" lang=\"pt\" style=\"text-align: justify;\"><i>Handroanthus albus<\/i><\/h1>\n<p style=\"text-align: justify;\">O\u00a0<b>ip\u00ea-amarelo<\/b>, tamb\u00e9m conhecido no Brasil como\u00a0<b>aip\u00ea<\/b>,\u00a0<b>ip\u00ea-branco<\/b>,\u00a0<b>ip\u00ea-mamono<\/b>,\u00a0<b>ip\u00ea-mandioca<\/b>,\u00a0<b>ip\u00ea-ouro<\/b>,\u00a0<b>ip\u00ea-pardo<\/b>,\u00a0<b>ip\u00ea-vacariano<\/b>,\u00a0<b>ip\u00ea-tabaco<\/b>,\u00a0<b>ip\u00ea-do-cerrado<\/b>,\u00a0<b>ip\u00ea-dourado<\/b>,\u00a0<b>ip\u00ea-da-serra<\/b>,\u00a0<b>ipezeiro<\/b>,\u00a0<b>pau-d\u2019arco-amarelo<\/b>,\u00a0<b>taipoca<\/b>\u00a0ou apenas\u00a0<b>ip\u00ea<\/b>\u00a0(<a class=\"mw-redirect\" title=\"Nome cient\u00edfico\" href=\"https:\/\/pt.wikipedia.org\/wiki\/Nome_cient%C3%ADfico\">nome cient\u00edfico<\/a>:\u00a0<i><b>Handroanthus albus<\/b><\/i>) \u00e9 uma \u00e1rvore do g\u00eanero\u00a0<i><a title=\"Handroanthus\" href=\"https:\/\/pt.wikipedia.org\/wiki\/Handroanthus\">Handroanthus<\/a><\/i>.<sup id=\"cite_ref-IPEF_1-0\" class=\"reference\"><a href=\"https:\/\/pt.wikipedia.org\/wiki\/Handroanthus_albus#cite_note-IPEF-1\">[1]<\/a><\/sup><sup id=\"cite_ref-Plantlist_2-0\" class=\"reference\"><a href=\"https:\/\/pt.wikipedia.org\/wiki\/Handroanthus_albus#cite_note-Plantlist-2\">[2]<\/a><\/sup><sup id=\"cite_ref-Tropicos_3-0\" class=\"reference\"><a href=\"https:\/\/pt.wikipedia.org\/wiki\/Handroanthus_albus#cite_note-Tropicos-3\">[3]<\/a><\/sup>\u00a0Pode atingir 30 metros de altura e 60 cent\u00edmetros de di\u00e2metro, e \u00e9\u00a0<a title=\"Caducif\u00f3lia\" href=\"https:\/\/pt.wikipedia.org\/wiki\/Caducif%C3%B3lia\">caducif\u00f3lia<\/a>.<sup id=\"cite_ref-IPEF_1-1\" class=\"reference\"><a href=\"https:\/\/pt.wikipedia.org\/wiki\/Handroanthus_albus#cite_note-IPEF-1\">[1]<\/a><\/sup><sup id=\"cite_ref-SCIELO_4-0\" class=\"reference\"><a href=\"https:\/\/pt.wikipedia.org\/wiki\/Handroanthus_albus#cite_note-SCIELO-4\">[4]<\/a><\/sup>\u00a0A flora\u00e7\u00e3o amarela inicia no final de agosto, a esp\u00e9cie \u00e9 hermafrodita, a frutifica\u00e7\u00e3o ocorre entre setembro e fevereiro, dependendo da regi\u00e3o, \u00e1rvores cultivadas come\u00e7am a se reproduzir com tr\u00eas anos.<sup id=\"cite_ref-IPEF_1-2\" class=\"reference\"><a href=\"https:\/\/pt.wikipedia.org\/wiki\/Handroanthus_albus#cite_note-IPEF-1\">[1]<\/a><\/sup><\/p>\n<h2 style=\"text-align: justify;\"><span id=\"Ocorr\u00eancia\" class=\"mw-headline\">Ocorr\u00eancia<\/span><\/h2>\n<p style=\"text-align: justify;\">Ocorre naturalmente na\u00a0<a title=\"Floresta estacional semidecidual\" href=\"https:\/\/pt.wikipedia.org\/wiki\/Floresta_estacional_semidecidual\">floresta estacional semidecidual<\/a>,\u00a0<a title=\"Floresta ombr\u00f3fila mista\" href=\"https:\/\/pt.wikipedia.org\/wiki\/Floresta_ombr%C3%B3fila_mista\">Floresta de Arauc\u00e1ria<\/a>\u00a0e no\u00a0<a title=\"Cerrado\" href=\"https:\/\/pt.wikipedia.org\/wiki\/Cerrado\">cerrado<\/a>\u00a0brasileiros, nos estados do Rio Grande do Sul, Santa Catarina, Paran\u00e1, S\u00e3o Paulo, Rio de Janeiro, Minas Gerais, Goi\u00e1s e Serras do Esp\u00edrito Santo.<sup id=\"cite_ref-5\" class=\"reference\"><a href=\"https:\/\/pt.wikipedia.org\/wiki\/Handroanthus_albus#cite_note-5\">[5]<\/a><\/sup><\/p>\n<p style=\"text-align: justify;\">Nativa tamb\u00e9m em parte da Argentina e Paraguai.<sup id=\"cite_ref-6\" class=\"reference\"><a href=\"https:\/\/pt.wikipedia.org\/wiki\/Handroanthus_albus#cite_note-6\">[6]<\/a><\/sup><\/p>\n<h2 style=\"text-align: justify;\"><span id=\".C3.81rvore_s.C3.ADmbolo\"><\/span><span id=\"\u00c1rvore_s\u00edmbolo\" class=\"mw-headline\">\u00c1rvore s\u00edmbolo<\/span><\/h2>\n<p style=\"text-align: justify;\">Embora o Ip\u00ea seja considerado \u00e1rvore s\u00edmbolo do Brasil, pela\u00a0<b>Lei n\u00ba 6.607 de 7 de Dezembro de 1978<\/b>\u00a0o\u00a0<a class=\"mw-redirect\" title=\"Pau-brasil\" href=\"https:\/\/pt.wikipedia.org\/wiki\/Pau-brasil\">pau-brasil<\/a>\u00a0foi declarado\u00a0<b>\u00c1rvore Nacional<\/b>.<sup id=\"cite_ref-7\" class=\"reference\"><a href=\"https:\/\/pt.wikipedia.org\/wiki\/Handroanthus_albus#cite_note-7\">[7]<\/a><\/sup>\u00a0Pelos projetos de lei PL-2293\/1974 e PL-882\/1975, tentou-se instituir o Ip\u00ea como flor nacional do Brasil. Ambos os projetos foram arquivados na C\u00e2mara dos Deputados. O projeto de lei PL-3380\/1961 visava declarar o pau-brasil e o ip\u00ea-amarelo, respectivamente, \u00c1rvore e Flor Nacionais, mas este projeto n\u00e3o foi aprovado.<sup id=\"cite_ref-8\" class=\"reference\"><a href=\"https:\/\/pt.wikipedia.org\/wiki\/Handroanthus_albus#cite_note-8\">[8]<\/a><\/sup><\/p>\n<p style=\"text-align: justify;\">Fonte: https:\/\/pt.wikipedia.org\/wiki\/Handroanthus_albus<\/p>\n","protected":false},"excerpt":{"rendered":"<p>A rodovia Gal. Euclides de Oliveira Figueiredo, SP-425, tamb\u00e9m conhecida como Integra\u00e7\u00e3o, est\u00e1 bonita de ver, n\u00e3o o asfalto que est\u00e1 deixando a desejar, mas os p\u00e9s de Ip\u00ea-amarelo. S\u00e3o diversos deles no trecho entre a rodovia vicinal Jo\u00e3o Ara\u00fajo que liga ai bairro Iandara, at\u00e9 a rotat\u00f3ria de Tupi Paulista. Jorge Zanoni Handroanthus albus [&hellip;]<\/p>\n","protected":false},"author":1,"featured_media":4673,"comment_status":"closed","ping_status":"open","sticky":false,"template":"","format":"standard","meta":{"footnotes":""},"categories":[180,110],"tags":[],"class_list":["post-4672","post","type-post","status-publish","format-standard","has-post-thumbnail","hentry","category-estradastransitoveiculos","category-noticiasdestaque"],"_links":{"self":[{"href":"https:\/\/jorgezanoni.com.br\/2019\/wp-json\/wp\/v2\/posts\/4672","targetHints":{"allow":["GET"]}}],"collection":[{"href":"https:\/\/jorgezanoni.com.br\/2019\/wp-json\/wp\/v2\/posts"}],"about":[{"href":"https:\/\/jorgezanoni.com.br\/2019\/wp-json\/wp\/v2\/types\/post"}],"author":[{"embeddable":true,"href":"https:\/\/jorgezanoni.com.br\/2019\/wp-json\/wp\/v2\/users\/1"}],"replies":[{"embeddable":true,"href":"https:\/\/jorgezanoni.com.br\/2019\/wp-json\/wp\/v2\/comments?post=4672"}],"version-history":[{"count":0,"href":"https:\/\/jorgezanoni.com.br\/2019\/wp-json\/wp\/v2\/posts\/4672\/revisions"}],"wp:featuredmedia":[{"embeddable":true,"href":"https:\/\/jorgezanoni.com.br\/2019\/wp-json\/wp\/v2\/media\/4673"}],"wp:attachment":[{"href":"https:\/\/jorgezanoni.com.br\/2019\/wp-json\/wp\/v2\/media?parent=4672"}],"wp:term":[{"taxonomy":"category","embeddable":true,"href":"https:\/\/jorgezanoni.com.br\/2019\/wp-json\/wp\/v2\/categories?post=4672"},{"taxonomy":"post_tag","embeddable":true,"href":"https:\/\/jorgezanoni.com.br\/2019\/wp-json\/wp\/v2\/tags?post=4672"}],"curies":[{"name":"wp","href":"https:\/\/api.w.org\/{rel}","templated":true}]}}