{"id":46717,"date":"2021-04-25T02:59:40","date_gmt":"2021-04-25T02:59:40","guid":{"rendered":"https:\/\/jorgezanoni.com.br\/2019\/?p=46717"},"modified":"2021-04-27T19:40:06","modified_gmt":"2021-04-27T19:40:06","slug":"morre-ercilei-salles-esposa-do-cabecinha-de-tupi-paulita","status":"publish","type":"post","link":"https:\/\/jorgezanoni.com.br\/2019\/morre-ercilei-salles-esposa-do-cabecinha-de-tupi-paulita\/","title":{"rendered":"Morre Ercilei Salles esposa do Cabecinha de Tupi Paulita"},"content":{"rendered":"<p style=\"text-align: justify;\">Comunicamos com pesar o falecimento de Ercilei Salles Fonseca de 37 anos. Ela esteve em tratamento de Covid, estava em recupera\u00e7\u00e3o, teve complica\u00e7\u00f5es e n\u00e3o resistiu, vindo a \u00f3bito.<\/p>\n<p style=\"text-align: justify;\">Deixa o esposo Adriano (Cabecinha) que tem caminh\u00e3o guincho e a filha Ana Laura.<\/p>\n<p style=\"text-align: justify;\">O Site JZ se solidariza com a fam\u00edlia neste dif\u00edcil momento e roga a Deus que receba nossa amiga de bra\u00e7os abertos.<\/p>\n<p style=\"text-align: justify;\">O seu Corpo ser\u00e1 velado no Vel\u00f3rio Municipal de Tupi Paulista a partir das 10 Hs. e o Sepultamento acontece \u00e0s 14 Hs. no Cemit\u00e9rio local.<\/p>\n<p style=\"text-align: justify;\">Meu irm\u00e3o Cabecinha e querida Ana Laura, recebam o meu abra\u00e7o. For\u00e7a e F\u00e9.<\/p>\n<p>Jorge Zanoni<\/p>\n<p><img loading=\"lazy\" decoding=\"async\" class=\"alignnone size-full wp-image-46720\" src=\"https:\/\/jorgezanoni.com.br\/2019\/wp-content\/uploads\/2021\/04\/Ercilei2.jpg\" alt=\"\" width=\"720\" height=\"480\" srcset=\"https:\/\/jorgezanoni.com.br\/2019\/wp-content\/uploads\/2021\/04\/Ercilei2.jpg 720w, https:\/\/jorgezanoni.com.br\/2019\/wp-content\/uploads\/2021\/04\/Ercilei2-300x200.jpg 300w, https:\/\/jorgezanoni.com.br\/2019\/wp-content\/uploads\/2021\/04\/Ercilei2-696x464.jpg 696w, https:\/\/jorgezanoni.com.br\/2019\/wp-content\/uploads\/2021\/04\/Ercilei2-630x420.jpg 630w\" sizes=\"auto, (max-width: 720px) 100vw, 720px\" \/><\/p>\n<p><img loading=\"lazy\" decoding=\"async\" class=\"alignnone size-full wp-image-46741\" src=\"https:\/\/jorgezanoni.com.br\/2019\/wp-content\/uploads\/2021\/04\/Ercilei.jpg\" alt=\"\" width=\"526\" height=\"504\" srcset=\"https:\/\/jorgezanoni.com.br\/2019\/wp-content\/uploads\/2021\/04\/Ercilei.jpg 526w, https:\/\/jorgezanoni.com.br\/2019\/wp-content\/uploads\/2021\/04\/Ercilei-300x287.jpg 300w, https:\/\/jorgezanoni.com.br\/2019\/wp-content\/uploads\/2021\/04\/Ercilei-438x420.jpg 438w\" sizes=\"auto, (max-width: 526px) 100vw, 526px\" \/><\/p>\n<p>&nbsp;<\/p>\n","protected":false},"excerpt":{"rendered":"<p>Comunicamos com pesar o falecimento de Ercilei Salles Fonseca de 37 anos. Ela esteve em tratamento de Covid, estava em recupera\u00e7\u00e3o, teve complica\u00e7\u00f5es e n\u00e3o resistiu, vindo a \u00f3bito. Deixa o esposo Adriano (Cabecinha) que tem caminh\u00e3o guincho e a filha Ana Laura. O Site JZ se solidariza com a fam\u00edlia neste dif\u00edcil momento e [&hellip;]<\/p>\n","protected":false},"author":1,"featured_media":46718,"comment_status":"closed","ping_status":"open","sticky":false,"template":"","format":"standard","meta":{"footnotes":""},"categories":[178,110],"tags":[],"class_list":["post-46717","post","type-post","status-publish","format-standard","has-post-thumbnail","hentry","category-notadefalecimento","category-noticiasdestaque"],"_links":{"self":[{"href":"https:\/\/jorgezanoni.com.br\/2019\/wp-json\/wp\/v2\/posts\/46717","targetHints":{"allow":["GET"]}}],"collection":[{"href":"https:\/\/jorgezanoni.com.br\/2019\/wp-json\/wp\/v2\/posts"}],"about":[{"href":"https:\/\/jorgezanoni.com.br\/2019\/wp-json\/wp\/v2\/types\/post"}],"author":[{"embeddable":true,"href":"https:\/\/jorgezanoni.com.br\/2019\/wp-json\/wp\/v2\/users\/1"}],"replies":[{"embeddable":true,"href":"https:\/\/jorgezanoni.com.br\/2019\/wp-json\/wp\/v2\/comments?post=46717"}],"version-history":[{"count":0,"href":"https:\/\/jorgezanoni.com.br\/2019\/wp-json\/wp\/v2\/posts\/46717\/revisions"}],"wp:featuredmedia":[{"embeddable":true,"href":"https:\/\/jorgezanoni.com.br\/2019\/wp-json\/wp\/v2\/media\/46718"}],"wp:attachment":[{"href":"https:\/\/jorgezanoni.com.br\/2019\/wp-json\/wp\/v2\/media?parent=46717"}],"wp:term":[{"taxonomy":"category","embeddable":true,"href":"https:\/\/jorgezanoni.com.br\/2019\/wp-json\/wp\/v2\/categories?post=46717"},{"taxonomy":"post_tag","embeddable":true,"href":"https:\/\/jorgezanoni.com.br\/2019\/wp-json\/wp\/v2\/tags?post=46717"}],"curies":[{"name":"wp","href":"https:\/\/api.w.org\/{rel}","templated":true}]}}