{"id":46704,"date":"2021-04-24T23:53:29","date_gmt":"2021-04-24T23:53:29","guid":{"rendered":"https:\/\/jorgezanoni.com.br\/2019\/?p=46704"},"modified":"2021-04-24T23:53:29","modified_gmt":"2021-04-24T23:53:29","slug":"igreja-matriz-nossa-senhora-aparecida-com-apoio-da-comunidade-vai-revitalizar-cruzeiro","status":"publish","type":"post","link":"https:\/\/jorgezanoni.com.br\/2019\/igreja-matriz-nossa-senhora-aparecida-com-apoio-da-comunidade-vai-revitalizar-cruzeiro\/","title":{"rendered":"Igreja Matriz Nossa Senhora Aparecida com apoio da comunidade vai revitalizar Cruzeiro"},"content":{"rendered":"<div dir=\"auto\"><strong>Cruzeiro est\u00e1 instalado na Pra\u00e7a Marrey J\u00fanior no encontro das Ruas Vendramim, Marechal Rondon, Florian\u00f3polis e Joaquina Maria Andr\u00e9.<\/strong><\/div>\n<div dir=\"auto\"><\/div>\n<div dir=\"auto\" style=\"text-align: justify;\">Hoje foi realizada a reuni\u00e3o com nosso querido Frei Airton da par\u00f3quia Nossa Senhora Aparecida de Dracena, juntamente com os irm\u00e3os de miss\u00f5es respons\u00e1veis pelo Cruzeiro.<\/div>\n<div dir=\"auto\" style=\"text-align: justify;\">A finalidade do nosso encontro foi a pedido do Frei Airton para formalizar as obras de revitaliza\u00e7\u00e3o do Cruzeiro. A revitaliza\u00e7\u00e3o na qual ser\u00e1 de muita import\u00e2ncia para nossa comunidade. Ser\u00e1 feita com recursos da comunidade em parceria com a nossa Igreja Nossa Senhora Aparecida, ser\u00e1 realizada a manuten\u00e7\u00e3o na cruz, e ela ganhar\u00e1 nova pintura e o mais importante a ilumina\u00e7\u00e3o.<\/div>\n<div dir=\"auto\" style=\"text-align: justify;\">A ilumina\u00e7\u00e3o \u00e9 aguardado por muitos irm\u00e3os que se sentem realizados com a revitaliza\u00e7\u00e3o e ver novamente esse espa\u00e7o como era de in\u00edcio.<\/div>\n<div dir=\"auto\" style=\"text-align: justify;\">Ser\u00e1 feita tamb\u00e9m a troca de dois bancos quebrados e pintura do solo. Contamos com a ajuda de toda comunidade e todos que amam nossa cidade. Esse projeto \u00e9 muito especial pois vai valorizar ainda mais nossa cidade.<\/div>\n<div dir=\"auto\" style=\"text-align: justify;\"><a class=\"oajrlxb2 g5ia77u1 qu0x051f esr5mh6w e9989ue4 r7d6kgcz rq0escxv nhd2j8a9 nc684nl6 p7hjln8o kvgmc6g5 cxmmr5t8 oygrvhab hcukyx3x jb3vyjys rz4wbd8a qt6c0cv9 a8nywdso i1ao9s8h esuyzwwr f1sip0of lzcic4wl q66pz984 gpro0wi8 b1v8xokw\" tabindex=\"0\" role=\"link\" href=\"https:\/\/www.facebook.com\/hashtag\/compartilhe?__eep__=6&amp;__cft__[0]=AZXZaZ3geDrS3AREe-OE3OUPsHkJrS9uUr8nX1B4SaH7sdPebj1kgxSTXRSqwefFY5rBBSA7fNfE9P5rRzr--C9h9TMQAI83BoFCoajvyQ_xvPm73_ju3xwV37BYMBlAuUQZ6gki4oZOwx4Rh-Bb5ozaT2KfNgA1DYeLlJ4-gv7WXO0Y_yR-q55-u-YDh6PoNbA&amp;__tn__=*NK-R\">#compartilhe<\/a> ajudem n\u00f3s divulgar.<\/div>\n<div dir=\"auto\" style=\"text-align: justify;\">Queremos agradecer imensamente a Construtora Caldatto e fam\u00edlia pela doa\u00e7\u00e3o do projeto em especial ao Arquiteto Alan Caldato da cidade de Campo Novo do Parecis.<\/div>\n<div dir=\"auto\"><\/div>\n<div dir=\"auto\"><img loading=\"lazy\" decoding=\"async\" class=\"alignnone size-full wp-image-46705\" src=\"https:\/\/jorgezanoni.com.br\/2019\/wp-content\/uploads\/2021\/04\/Revi.jpg\" alt=\"\" width=\"960\" height=\"720\" srcset=\"https:\/\/jorgezanoni.com.br\/2019\/wp-content\/uploads\/2021\/04\/Revi.jpg 960w, https:\/\/jorgezanoni.com.br\/2019\/wp-content\/uploads\/2021\/04\/Revi-300x225.jpg 300w, https:\/\/jorgezanoni.com.br\/2019\/wp-content\/uploads\/2021\/04\/Revi-768x576.jpg 768w, https:\/\/jorgezanoni.com.br\/2019\/wp-content\/uploads\/2021\/04\/Revi-80x60.jpg 80w, https:\/\/jorgezanoni.com.br\/2019\/wp-content\/uploads\/2021\/04\/Revi-265x198.jpg 265w, https:\/\/jorgezanoni.com.br\/2019\/wp-content\/uploads\/2021\/04\/Revi-696x522.jpg 696w, https:\/\/jorgezanoni.com.br\/2019\/wp-content\/uploads\/2021\/04\/Revi-560x420.jpg 560w\" sizes=\"auto, (max-width: 960px) 100vw, 960px\" \/> <img loading=\"lazy\" decoding=\"async\" class=\"alignnone size-full wp-image-46706\" src=\"https:\/\/jorgezanoni.com.br\/2019\/wp-content\/uploads\/2021\/04\/revi1.jpg\" alt=\"\" width=\"960\" height=\"960\" srcset=\"https:\/\/jorgezanoni.com.br\/2019\/wp-content\/uploads\/2021\/04\/revi1.jpg 960w, https:\/\/jorgezanoni.com.br\/2019\/wp-content\/uploads\/2021\/04\/revi1-300x300.jpg 300w, https:\/\/jorgezanoni.com.br\/2019\/wp-content\/uploads\/2021\/04\/revi1-150x150.jpg 150w, https:\/\/jorgezanoni.com.br\/2019\/wp-content\/uploads\/2021\/04\/revi1-768x768.jpg 768w, https:\/\/jorgezanoni.com.br\/2019\/wp-content\/uploads\/2021\/04\/revi1-696x696.jpg 696w, https:\/\/jorgezanoni.com.br\/2019\/wp-content\/uploads\/2021\/04\/revi1-420x420.jpg 420w\" sizes=\"auto, (max-width: 960px) 100vw, 960px\" \/> <img loading=\"lazy\" decoding=\"async\" class=\"alignnone size-full wp-image-46708\" src=\"https:\/\/jorgezanoni.com.br\/2019\/wp-content\/uploads\/2021\/04\/revi3.jpg\" alt=\"\" width=\"960\" height=\"724\" srcset=\"https:\/\/jorgezanoni.com.br\/2019\/wp-content\/uploads\/2021\/04\/revi3.jpg 960w, https:\/\/jorgezanoni.com.br\/2019\/wp-content\/uploads\/2021\/04\/revi3-300x226.jpg 300w, https:\/\/jorgezanoni.com.br\/2019\/wp-content\/uploads\/2021\/04\/revi3-768x579.jpg 768w, https:\/\/jorgezanoni.com.br\/2019\/wp-content\/uploads\/2021\/04\/revi3-80x60.jpg 80w, https:\/\/jorgezanoni.com.br\/2019\/wp-content\/uploads\/2021\/04\/revi3-696x525.jpg 696w, https:\/\/jorgezanoni.com.br\/2019\/wp-content\/uploads\/2021\/04\/revi3-557x420.jpg 557w\" sizes=\"auto, (max-width: 960px) 100vw, 960px\" \/> <img loading=\"lazy\" decoding=\"async\" class=\"alignnone size-full wp-image-46709\" src=\"https:\/\/jorgezanoni.com.br\/2019\/wp-content\/uploads\/2021\/04\/revi4.jpg\" alt=\"\" width=\"960\" height=\"726\" srcset=\"https:\/\/jorgezanoni.com.br\/2019\/wp-content\/uploads\/2021\/04\/revi4.jpg 960w, https:\/\/jorgezanoni.com.br\/2019\/wp-content\/uploads\/2021\/04\/revi4-300x227.jpg 300w, https:\/\/jorgezanoni.com.br\/2019\/wp-content\/uploads\/2021\/04\/revi4-768x581.jpg 768w, https:\/\/jorgezanoni.com.br\/2019\/wp-content\/uploads\/2021\/04\/revi4-80x60.jpg 80w, https:\/\/jorgezanoni.com.br\/2019\/wp-content\/uploads\/2021\/04\/revi4-696x526.jpg 696w, https:\/\/jorgezanoni.com.br\/2019\/wp-content\/uploads\/2021\/04\/revi4-555x420.jpg 555w\" sizes=\"auto, (max-width: 960px) 100vw, 960px\" \/> <img loading=\"lazy\" decoding=\"async\" class=\"alignnone size-full wp-image-46710\" src=\"https:\/\/jorgezanoni.com.br\/2019\/wp-content\/uploads\/2021\/04\/revi5.jpg\" alt=\"\" width=\"640\" height=\"1316\" srcset=\"https:\/\/jorgezanoni.com.br\/2019\/wp-content\/uploads\/2021\/04\/revi5.jpg 640w, https:\/\/jorgezanoni.com.br\/2019\/wp-content\/uploads\/2021\/04\/revi5-146x300.jpg 146w, https:\/\/jorgezanoni.com.br\/2019\/wp-content\/uploads\/2021\/04\/revi5-498x1024.jpg 498w, https:\/\/jorgezanoni.com.br\/2019\/wp-content\/uploads\/2021\/04\/revi5-204x420.jpg 204w\" sizes=\"auto, (max-width: 640px) 100vw, 640px\" \/> <img loading=\"lazy\" decoding=\"async\" class=\"alignnone size-full wp-image-46711\" src=\"https:\/\/jorgezanoni.com.br\/2019\/wp-content\/uploads\/2021\/04\/revi6.jpg\" alt=\"\" width=\"640\" height=\"1316\" srcset=\"https:\/\/jorgezanoni.com.br\/2019\/wp-content\/uploads\/2021\/04\/revi6.jpg 640w, https:\/\/jorgezanoni.com.br\/2019\/wp-content\/uploads\/2021\/04\/revi6-146x300.jpg 146w, https:\/\/jorgezanoni.com.br\/2019\/wp-content\/uploads\/2021\/04\/revi6-498x1024.jpg 498w, https:\/\/jorgezanoni.com.br\/2019\/wp-content\/uploads\/2021\/04\/revi6-204x420.jpg 204w\" sizes=\"auto, (max-width: 640px) 100vw, 640px\" \/><\/div>\n<div dir=\"auto\">Fotos cedidas<\/div>\n","protected":false},"excerpt":{"rendered":"<p>Cruzeiro est\u00e1 instalado na Pra\u00e7a Marrey J\u00fanior no encontro das Ruas Vendramim, Marechal Rondon, Florian\u00f3polis e Joaquina Maria Andr\u00e9. Hoje foi realizada a reuni\u00e3o com nosso querido Frei Airton da par\u00f3quia Nossa Senhora Aparecida de Dracena, juntamente com os irm\u00e3os de miss\u00f5es respons\u00e1veis pelo Cruzeiro. A finalidade do nosso encontro foi a pedido do Frei [&hellip;]<\/p>\n","protected":false},"author":1,"featured_media":46712,"comment_status":"closed","ping_status":"open","sticky":false,"template":"","format":"standard","meta":{"footnotes":""},"categories":[110,118],"tags":[],"class_list":["post-46704","post","type-post","status-publish","format-standard","has-post-thumbnail","hentry","category-noticiasdestaque","category-religiaoesolidariedade"],"_links":{"self":[{"href":"https:\/\/jorgezanoni.com.br\/2019\/wp-json\/wp\/v2\/posts\/46704","targetHints":{"allow":["GET"]}}],"collection":[{"href":"https:\/\/jorgezanoni.com.br\/2019\/wp-json\/wp\/v2\/posts"}],"about":[{"href":"https:\/\/jorgezanoni.com.br\/2019\/wp-json\/wp\/v2\/types\/post"}],"author":[{"embeddable":true,"href":"https:\/\/jorgezanoni.com.br\/2019\/wp-json\/wp\/v2\/users\/1"}],"replies":[{"embeddable":true,"href":"https:\/\/jorgezanoni.com.br\/2019\/wp-json\/wp\/v2\/comments?post=46704"}],"version-history":[{"count":0,"href":"https:\/\/jorgezanoni.com.br\/2019\/wp-json\/wp\/v2\/posts\/46704\/revisions"}],"wp:featuredmedia":[{"embeddable":true,"href":"https:\/\/jorgezanoni.com.br\/2019\/wp-json\/wp\/v2\/media\/46712"}],"wp:attachment":[{"href":"https:\/\/jorgezanoni.com.br\/2019\/wp-json\/wp\/v2\/media?parent=46704"}],"wp:term":[{"taxonomy":"category","embeddable":true,"href":"https:\/\/jorgezanoni.com.br\/2019\/wp-json\/wp\/v2\/categories?post=46704"},{"taxonomy":"post_tag","embeddable":true,"href":"https:\/\/jorgezanoni.com.br\/2019\/wp-json\/wp\/v2\/tags?post=46704"}],"curies":[{"name":"wp","href":"https:\/\/api.w.org\/{rel}","templated":true}]}}