{"id":46688,"date":"2021-04-24T13:32:42","date_gmt":"2021-04-24T13:32:42","guid":{"rendered":"https:\/\/jorgezanoni.com.br\/2019\/?p=46688"},"modified":"2021-04-24T13:32:42","modified_gmt":"2021-04-24T13:32:42","slug":"reprise-neste-sabado-o-programa-caldeirao-do-huck-tera-participacao-de-dracenense-no-quadro-encontrando-familias","status":"publish","type":"post","link":"https:\/\/jorgezanoni.com.br\/2019\/reprise-neste-sabado-o-programa-caldeirao-do-huck-tera-participacao-de-dracenense-no-quadro-encontrando-familias\/","title":{"rendered":"REPRISE: Neste s\u00e1bado, o Programa Caldeir\u00e3o do Huck ter\u00e1 participa\u00e7\u00e3o de dracenense no quadro \u201cEncontrando Fam\u00edlias\u201d"},"content":{"rendered":"<p style=\"text-align: justify;\"><strong>PROGRAMA SER\u00c1 REPRISADO HOJE A PARTIR DAS 16:00 HORAS, E LUCIANO HUCK VAI MOSTRAR COMO EST\u00c3O AS(os) IRM\u00c3S(os) AP\u00d3S MAIS DE UM ANO DO REENCONTRO.<\/strong><\/p>\n<p><img loading=\"lazy\" decoding=\"async\" class=\"alignnone size-full wp-image-46689\" src=\"https:\/\/jorgezanoni.com.br\/2019\/wp-content\/uploads\/2021\/04\/tv.jpg\" alt=\"\" width=\"696\" height=\"696\" srcset=\"https:\/\/jorgezanoni.com.br\/2019\/wp-content\/uploads\/2021\/04\/tv.jpg 696w, https:\/\/jorgezanoni.com.br\/2019\/wp-content\/uploads\/2021\/04\/tv-300x300.jpg 300w, https:\/\/jorgezanoni.com.br\/2019\/wp-content\/uploads\/2021\/04\/tv-150x150.jpg 150w, https:\/\/jorgezanoni.com.br\/2019\/wp-content\/uploads\/2021\/04\/tv-420x420.jpg 420w\" sizes=\"auto, (max-width: 696px) 100vw, 696px\" \/><\/p>\n<p>VEJA: https:\/\/m.facebook.com\/story.php?story_fbid=2702566389840325&amp;id=100002609727745&amp;sfnsn=wiwspwa<\/p>\n<p style=\"text-align: justify;\">Veja a hist\u00f3ria completa na mat\u00e9ria publicada pelo Site JZ dia 7 de dezembro de 2019 no link: https:\/\/jorgezanoni.com.br\/2019\/2019\/12\/07\/programa-caldeirao-do-huck-tera-participacao-de-dracenense-no-quadro-encontrando-familias\/<\/p>\n<p>Jorge Zanoni<\/p>\n","protected":false},"excerpt":{"rendered":"<p>PROGRAMA SER\u00c1 REPRISADO HOJE A PARTIR DAS 16:00 HORAS, E LUCIANO HUCK VAI MOSTRAR COMO EST\u00c3O AS(os) IRM\u00c3S(os) AP\u00d3S MAIS DE UM ANO DO REENCONTRO. VEJA: https:\/\/m.facebook.com\/story.php?story_fbid=2702566389840325&amp;id=100002609727745&amp;sfnsn=wiwspwa Veja a hist\u00f3ria completa na mat\u00e9ria publicada pelo Site JZ dia 7 de dezembro de 2019 no link: https:\/\/jorgezanoni.com.br\/2019\/2019\/12\/07\/programa-caldeirao-do-huck-tera-participacao-de-dracenense-no-quadro-encontrando-familias\/ Jorge Zanoni<\/p>\n","protected":false},"author":1,"featured_media":46690,"comment_status":"closed","ping_status":"open","sticky":false,"template":"","format":"standard","meta":{"footnotes":""},"categories":[114,110],"tags":[],"class_list":["post-46688","post","type-post","status-publish","format-standard","has-post-thumbnail","hentry","category-geralecomercio","category-noticiasdestaque"],"_links":{"self":[{"href":"https:\/\/jorgezanoni.com.br\/2019\/wp-json\/wp\/v2\/posts\/46688","targetHints":{"allow":["GET"]}}],"collection":[{"href":"https:\/\/jorgezanoni.com.br\/2019\/wp-json\/wp\/v2\/posts"}],"about":[{"href":"https:\/\/jorgezanoni.com.br\/2019\/wp-json\/wp\/v2\/types\/post"}],"author":[{"embeddable":true,"href":"https:\/\/jorgezanoni.com.br\/2019\/wp-json\/wp\/v2\/users\/1"}],"replies":[{"embeddable":true,"href":"https:\/\/jorgezanoni.com.br\/2019\/wp-json\/wp\/v2\/comments?post=46688"}],"version-history":[{"count":0,"href":"https:\/\/jorgezanoni.com.br\/2019\/wp-json\/wp\/v2\/posts\/46688\/revisions"}],"wp:featuredmedia":[{"embeddable":true,"href":"https:\/\/jorgezanoni.com.br\/2019\/wp-json\/wp\/v2\/media\/46690"}],"wp:attachment":[{"href":"https:\/\/jorgezanoni.com.br\/2019\/wp-json\/wp\/v2\/media?parent=46688"}],"wp:term":[{"taxonomy":"category","embeddable":true,"href":"https:\/\/jorgezanoni.com.br\/2019\/wp-json\/wp\/v2\/categories?post=46688"},{"taxonomy":"post_tag","embeddable":true,"href":"https:\/\/jorgezanoni.com.br\/2019\/wp-json\/wp\/v2\/tags?post=46688"}],"curies":[{"name":"wp","href":"https:\/\/api.w.org\/{rel}","templated":true}]}}