{"id":46671,"date":"2021-04-23T22:04:00","date_gmt":"2021-04-23T22:04:00","guid":{"rendered":"https:\/\/jorgezanoni.com.br\/2019\/?p=46671"},"modified":"2021-04-23T22:04:00","modified_gmt":"2021-04-23T22:04:00","slug":"comercio-de-dracena-funciona-amanha-das-9h-as-13hs","status":"publish","type":"post","link":"https:\/\/jorgezanoni.com.br\/2019\/comercio-de-dracena-funciona-amanha-das-9h-as-13hs\/","title":{"rendered":"Com\u00e9rcio de Dracena funciona amanh\u00e3 das 9H \u00c0S 13Hs"},"content":{"rendered":"<p style=\"text-align: justify;\">O prefeito Andr\u00e9 Lemos, de Dracena assinou hoje, 23, o decreto n.\u00b0 7.423, que autoriza o funcionamento do com\u00e9rcio de rua em hor\u00e1rio reduzido neste s\u00e1bado, 24, por quatro horas, entre o per\u00edodo das 9h \u00e0s 13h, obedecendo \u00e0s regras estabelecidas pelo Plano S\u00e3o Paulo.<\/p>\n<p style=\"text-align: justify;\"><strong>PLANO S\u00c3O PAULO<\/strong><\/p>\n<p style=\"text-align: justify;\">No per\u00edodo de 24 a 30 de abril, al\u00e9m dos estabelecimentos comerciais, poder\u00e3o voltar a funcionar as atividades ligadas ao setor de servi\u00e7os como restaurantes e similares (lanchonetes, casas de sucos, bares com fun\u00e7\u00e3o de restaurante), sal\u00f5es de beleza e barbearias, atividades culturais, parques, clubes e academias. O hor\u00e1rio de funcionamento ser\u00e1 das 11h \u00e0s 19h, com exce\u00e7\u00e3o das academias, que poder\u00e3o abrir das 7h \u00e0s 11h e das 15h \u00e0s 19h.<\/p>\n<p style=\"text-align: justify;\">A fim de evitar aglomera\u00e7\u00f5es, a capacidade de ocupa\u00e7\u00e3o permitida nos estabelecimentos na fase de transi\u00e7\u00e3o ser\u00e1 de 25%. O toque de recolher continua em vig\u00eancia em todo o Estado, das 20h \u00e0s 5h. A pr\u00f3xima atualiza\u00e7\u00e3o do Plano SP acontecer\u00e1 a partir do dia 1\u00b0 de maio.\u00a0<em>(Com informa\u00e7\u00f5es Governo do Estado)<\/em><\/p>\n<p style=\"text-align: justify;\">Fonte: Diretoria de Comunica\u00e7\u00e3o<\/p>\n","protected":false},"excerpt":{"rendered":"<p>O prefeito Andr\u00e9 Lemos, de Dracena assinou hoje, 23, o decreto n.\u00b0 7.423, que autoriza o funcionamento do com\u00e9rcio de rua em hor\u00e1rio reduzido neste s\u00e1bado, 24, por quatro horas, entre o per\u00edodo das 9h \u00e0s 13h, obedecendo \u00e0s regras estabelecidas pelo Plano S\u00e3o Paulo. PLANO S\u00c3O PAULO No per\u00edodo de 24 a 30 de [&hellip;]<\/p>\n","protected":false},"author":1,"featured_media":46672,"comment_status":"closed","ping_status":"open","sticky":false,"template":"","format":"standard","meta":{"footnotes":""},"categories":[114,110],"tags":[],"class_list":["post-46671","post","type-post","status-publish","format-standard","has-post-thumbnail","hentry","category-geralecomercio","category-noticiasdestaque"],"_links":{"self":[{"href":"https:\/\/jorgezanoni.com.br\/2019\/wp-json\/wp\/v2\/posts\/46671","targetHints":{"allow":["GET"]}}],"collection":[{"href":"https:\/\/jorgezanoni.com.br\/2019\/wp-json\/wp\/v2\/posts"}],"about":[{"href":"https:\/\/jorgezanoni.com.br\/2019\/wp-json\/wp\/v2\/types\/post"}],"author":[{"embeddable":true,"href":"https:\/\/jorgezanoni.com.br\/2019\/wp-json\/wp\/v2\/users\/1"}],"replies":[{"embeddable":true,"href":"https:\/\/jorgezanoni.com.br\/2019\/wp-json\/wp\/v2\/comments?post=46671"}],"version-history":[{"count":0,"href":"https:\/\/jorgezanoni.com.br\/2019\/wp-json\/wp\/v2\/posts\/46671\/revisions"}],"wp:featuredmedia":[{"embeddable":true,"href":"https:\/\/jorgezanoni.com.br\/2019\/wp-json\/wp\/v2\/media\/46672"}],"wp:attachment":[{"href":"https:\/\/jorgezanoni.com.br\/2019\/wp-json\/wp\/v2\/media?parent=46671"}],"wp:term":[{"taxonomy":"category","embeddable":true,"href":"https:\/\/jorgezanoni.com.br\/2019\/wp-json\/wp\/v2\/categories?post=46671"},{"taxonomy":"post_tag","embeddable":true,"href":"https:\/\/jorgezanoni.com.br\/2019\/wp-json\/wp\/v2\/tags?post=46671"}],"curies":[{"name":"wp","href":"https:\/\/api.w.org\/{rel}","templated":true}]}}