{"id":46667,"date":"2021-04-23T16:02:24","date_gmt":"2021-04-23T16:02:24","guid":{"rendered":"https:\/\/jorgezanoni.com.br\/2019\/?p=46667"},"modified":"2021-04-23T16:04:08","modified_gmt":"2021-04-23T16:04:08","slug":"kielse-munis-conquista-onibus-para-a-secretaria-de-educacao-de-dracena","status":"publish","type":"post","link":"https:\/\/jorgezanoni.com.br\/2019\/kielse-munis-conquista-onibus-para-a-secretaria-de-educacao-de-dracena\/","title":{"rendered":"Kielse Munis conquista \u00f4nibus para a Secretaria de Educa\u00e7\u00e3o de Dracena"},"content":{"rendered":"<p style=\"text-align: justify;\">O ex-vereador e ex-candidato a prefeito Kielse Chiari Munis, esteve na capital paulista recebendo um \u00d4nibus conquistado para a Secretaria Municipal de Educa\u00e7\u00e3o de Dracena.<\/p>\n<p style=\"text-align: justify;\">A conquista foi atrav\u00e9s de parceria com a fam\u00edlia Morando de S\u00e3o Bernardo do Campo, atrav\u00e9s da Deputada Estadual Carla Morando (PSDB).<\/p>\n<div style=\"width: 640px;\" class=\"wp-video\"><video class=\"wp-video-shortcode\" id=\"video-46667-1\" width=\"640\" height=\"362\" preload=\"metadata\" controls=\"controls\"><source type=\"video\/mp4\" src=\"https:\/\/jorgezanoni.com.br\/2019\/wp-content\/uploads\/2021\/04\/WhatsApp-Video-2021-04-23-at-11.30.01.mp4?_=1\" \/><a href=\"https:\/\/jorgezanoni.com.br\/2019\/wp-content\/uploads\/2021\/04\/WhatsApp-Video-2021-04-23-at-11.30.01.mp4\">https:\/\/jorgezanoni.com.br\/2019\/wp-content\/uploads\/2021\/04\/WhatsApp-Video-2021-04-23-at-11.30.01.mp4<\/a><\/video><\/div>\n<p style=\"text-align: justify;\">No ato da entrega estiveram presentes: Kielse Munis, Deputada Carla Morando, Secret\u00e1rio Estadual de Educa\u00e7\u00e3o Rossieli Soares e Rodrigo Parra representando o Prefeito Andr\u00e9 Lemos.<\/p>\n<p>Jorge Zanoni<\/p>\n<p>Imagem Ilustrativa<\/p>\n<p style=\"text-align: justify;\">\n","protected":false},"excerpt":{"rendered":"<p>O ex-vereador e ex-candidato a prefeito Kielse Chiari Munis, esteve na capital paulista recebendo um \u00d4nibus conquistado para a Secretaria Municipal de Educa\u00e7\u00e3o de Dracena. A conquista foi atrav\u00e9s de parceria com a fam\u00edlia Morando de S\u00e3o Bernardo do Campo, atrav\u00e9s da Deputada Estadual Carla Morando (PSDB). No ato da entrega estiveram presentes: Kielse Munis, [&hellip;]<\/p>\n","protected":false},"author":1,"featured_media":46669,"comment_status":"closed","ping_status":"open","sticky":false,"template":"","format":"video","meta":{"footnotes":""},"categories":[179,184,110,169],"tags":[],"class_list":["post-46667","post","type-post","status-publish","format-video","has-post-thumbnail","hentry","category-cidadeseregiao","category-dracena","category-noticiasdestaque","category-videos","post_format-post-format-video"],"_links":{"self":[{"href":"https:\/\/jorgezanoni.com.br\/2019\/wp-json\/wp\/v2\/posts\/46667","targetHints":{"allow":["GET"]}}],"collection":[{"href":"https:\/\/jorgezanoni.com.br\/2019\/wp-json\/wp\/v2\/posts"}],"about":[{"href":"https:\/\/jorgezanoni.com.br\/2019\/wp-json\/wp\/v2\/types\/post"}],"author":[{"embeddable":true,"href":"https:\/\/jorgezanoni.com.br\/2019\/wp-json\/wp\/v2\/users\/1"}],"replies":[{"embeddable":true,"href":"https:\/\/jorgezanoni.com.br\/2019\/wp-json\/wp\/v2\/comments?post=46667"}],"version-history":[{"count":0,"href":"https:\/\/jorgezanoni.com.br\/2019\/wp-json\/wp\/v2\/posts\/46667\/revisions"}],"wp:featuredmedia":[{"embeddable":true,"href":"https:\/\/jorgezanoni.com.br\/2019\/wp-json\/wp\/v2\/media\/46669"}],"wp:attachment":[{"href":"https:\/\/jorgezanoni.com.br\/2019\/wp-json\/wp\/v2\/media?parent=46667"}],"wp:term":[{"taxonomy":"category","embeddable":true,"href":"https:\/\/jorgezanoni.com.br\/2019\/wp-json\/wp\/v2\/categories?post=46667"},{"taxonomy":"post_tag","embeddable":true,"href":"https:\/\/jorgezanoni.com.br\/2019\/wp-json\/wp\/v2\/tags?post=46667"}],"curies":[{"name":"wp","href":"https:\/\/api.w.org\/{rel}","templated":true}]}}