{"id":46664,"date":"2021-04-23T15:33:11","date_gmt":"2021-04-23T15:33:11","guid":{"rendered":"https:\/\/jorgezanoni.com.br\/2019\/?p=46664"},"modified":"2021-04-23T15:34:21","modified_gmt":"2021-04-23T15:34:21","slug":"policial-penal-morre-e-suspeita-e-de-que-tenha-tirado-a-propria-vida","status":"publish","type":"post","link":"https:\/\/jorgezanoni.com.br\/2019\/policial-penal-morre-e-suspeita-e-de-que-tenha-tirado-a-propria-vida\/","title":{"rendered":"Policial penal morre e suspeita \u00e9 de que tenha tirado a pr\u00f3pria vida"},"content":{"rendered":"<p style=\"text-align: justify;\">O SIFUSPESP informa, com profundo pesar, o falecimento do policial penal Marcelo Lucas, da Penitenci\u00e1ria 2 de Mirand\u00f3polis, ocorrido na noite desta quinta-feira (23). A causa da morte ainda est\u00e1 sendo apurada, mas h\u00e1 ind\u00edcios de suic\u00eddio.<\/p>\n<p style=\"text-align: justify;\">Policial penal do turno da noite, ele tinha 50 anos, era solteiro e estava no sistema prisional desde 1994. Atualmente enfrentava uma depress\u00e3o e recentemente o servidor soube ter sido acometido por um c\u00e2ncer.<\/p>\n<p style=\"text-align: justify;\">O vel\u00f3rio \u00e9 das 13h \u00e0s 15h, em Valpara\u00edso, onde Marcelo Lucas tamb\u00e9m ser\u00e1 sepultado.<\/p>\n<p style=\"text-align: justify;\">O SIFUSPESP presta condol\u00eancias aos amigos, parentes e especialmente \u00e0 fam\u00edlia do policial penal. O sindicato est\u00e1 \u00e0 disposi\u00e7\u00e3o dos familiares caso alguma assist\u00eancia seja necess\u00e1ria neste momento.<\/p>\n<p style=\"text-align: justify;\">Fonte: Sifuspesp<\/p>\n","protected":false},"excerpt":{"rendered":"<p>O SIFUSPESP informa, com profundo pesar, o falecimento do policial penal Marcelo Lucas, da Penitenci\u00e1ria 2 de Mirand\u00f3polis, ocorrido na noite desta quinta-feira (23). A causa da morte ainda est\u00e1 sendo apurada, mas h\u00e1 ind\u00edcios de suic\u00eddio. Policial penal do turno da noite, ele tinha 50 anos, era solteiro e estava no sistema prisional desde [&hellip;]<\/p>\n","protected":false},"author":1,"featured_media":46665,"comment_status":"closed","ping_status":"open","sticky":false,"template":"","format":"standard","meta":{"footnotes":""},"categories":[178,110],"tags":[],"class_list":["post-46664","post","type-post","status-publish","format-standard","has-post-thumbnail","hentry","category-notadefalecimento","category-noticiasdestaque"],"_links":{"self":[{"href":"https:\/\/jorgezanoni.com.br\/2019\/wp-json\/wp\/v2\/posts\/46664","targetHints":{"allow":["GET"]}}],"collection":[{"href":"https:\/\/jorgezanoni.com.br\/2019\/wp-json\/wp\/v2\/posts"}],"about":[{"href":"https:\/\/jorgezanoni.com.br\/2019\/wp-json\/wp\/v2\/types\/post"}],"author":[{"embeddable":true,"href":"https:\/\/jorgezanoni.com.br\/2019\/wp-json\/wp\/v2\/users\/1"}],"replies":[{"embeddable":true,"href":"https:\/\/jorgezanoni.com.br\/2019\/wp-json\/wp\/v2\/comments?post=46664"}],"version-history":[{"count":0,"href":"https:\/\/jorgezanoni.com.br\/2019\/wp-json\/wp\/v2\/posts\/46664\/revisions"}],"wp:featuredmedia":[{"embeddable":true,"href":"https:\/\/jorgezanoni.com.br\/2019\/wp-json\/wp\/v2\/media\/46665"}],"wp:attachment":[{"href":"https:\/\/jorgezanoni.com.br\/2019\/wp-json\/wp\/v2\/media?parent=46664"}],"wp:term":[{"taxonomy":"category","embeddable":true,"href":"https:\/\/jorgezanoni.com.br\/2019\/wp-json\/wp\/v2\/categories?post=46664"},{"taxonomy":"post_tag","embeddable":true,"href":"https:\/\/jorgezanoni.com.br\/2019\/wp-json\/wp\/v2\/tags?post=46664"}],"curies":[{"name":"wp","href":"https:\/\/api.w.org\/{rel}","templated":true}]}}