{"id":46653,"date":"2021-04-23T13:16:22","date_gmt":"2021-04-23T13:16:22","guid":{"rendered":"https:\/\/jorgezanoni.com.br\/2019\/?p=46653"},"modified":"2021-04-23T13:16:22","modified_gmt":"2021-04-23T13:16:22","slug":"motorista-de-carro-foge-apos-bater-em-motocicleta-e-matar-homem-na-sp-294-em-panorama","status":"publish","type":"post","link":"https:\/\/jorgezanoni.com.br\/2019\/motorista-de-carro-foge-apos-bater-em-motocicleta-e-matar-homem-na-sp-294-em-panorama\/","title":{"rendered":"Motorista de carro foge ap\u00f3s bater em motocicleta e matar homem na SP-294, em Panorama"},"content":{"rendered":"<h2 class=\"content-head__subtitle\" style=\"text-align: justify;\">Condutor do autom\u00f3vel abandonou o ve\u00edculo a 500 metros do local do acidente. Colis\u00e3o do tipo lateral tamb\u00e9m deixou uma jovem de 24 anos gravemente ferida.<\/h2>\n<div class=\"mc-column content-text active-extra-styles \" data-block-type=\"unstyled\" data-block-weight=\"41\" data-block-id=\"2\">\n<p class=\"content-text__container \" style=\"text-align: justify;\" data-track-category=\"Link no Texto\" data-track-links=\"\">Um homem morreu e uma jovem ficou gravemente ferida ap\u00f3s um acidente de tr\u00e2nsito na Rodovia Comandante Jo\u00e3o Ribeiro de Barros (SP-294), em\u00a0<a href=\"http:\/\/g1.globo.com\/sp\/presidente-prudente-regiao\/cidade\/panorama.html\">Panorama<\/a>. As v\u00edtimas estavam em uma motocicleta que foi atingida por um carro, na noite deste quinta-feira (22).<\/p>\n<\/div>\n<div class=\"wall protected-content\">\n<div class=\"mc-column content-text active-extra-styles \" style=\"text-align: justify;\" data-block-type=\"unstyled\" data-block-weight=\"41\" data-block-id=\"3\">\n<p class=\"content-text__container \" data-track-category=\"Link no Texto\" data-track-links=\"\">Conforme informa\u00e7\u00f5es da Pol\u00edcia Militar Rodovi\u00e1ria, o autom\u00f3vel, com placas de Dracena, transitava no sentido Paulic\u00e9ia a Panorama e a motocicleta no sentido contr\u00e1rio. Ao chegarem no km 683,900, por motivos a serem apurados, o carro colidiu na lateral da motocicleta.<\/p>\n<\/div>\n<div class=\"mc-column content-text active-extra-styles \" style=\"text-align: justify;\" data-block-type=\"unstyled\" data-block-weight=\"25\" data-block-id=\"4\">\n<p class=\"content-text__container \" data-track-category=\"Link no Texto\" data-track-links=\"\">A corpora\u00e7\u00e3o destacou que o autom\u00f3vel envolvido foi abandonado a aproximadamente 500 metros do local da batida. Segundo a pol\u00edcia, o condutor fugiu do local.<\/p>\n<\/div>\n<div class=\"mc-column content-text active-extra-styles \" style=\"text-align: justify;\" data-block-type=\"unstyled\" data-block-weight=\"33\" data-block-id=\"5\">\n<p class=\"content-text__container \" data-track-category=\"Link no Texto\" data-track-links=\"\">O acidente de tr\u00e2nsito resultou em uma v\u00edtima fatal, passageiro da motocicleta, de 31 anos, e em uma v\u00edtima grave, de 24 anos. As v\u00edtimas eram casadas e moradores da cidade de Paulic\u00e9ia<\/p>\n<\/div>\n<div class=\"mc-column content-text active-extra-styles \" style=\"text-align: justify;\" data-block-type=\"unstyled\" data-block-weight=\"30\" data-block-id=\"6\">\n<p class=\"content-text__container \" data-track-category=\"Link no Texto\" data-track-links=\"\">A jovem foi socorrida para o hospital local e transferida para Dracena, onde passou por uma cirurgia, conforme a pol\u00edcia. A unidade n\u00e3o informou o estado de sa\u00fade da v\u00edtima.<\/p>\n<\/div>\n<div class=\"mc-column content-text active-extra-styles \" style=\"text-align: justify;\" data-block-type=\"unstyled\" data-block-weight=\"9\" data-block-id=\"7\">\n<p class=\"content-text__container \" data-track-category=\"Link no Texto\" data-track-links=\"\">O tr\u00e2nsito fluiu normalmente durante o atendimento da ocorr\u00eancia.<\/p>\n<\/div>\n<div class=\"row medium-uncollapsed content-media content-photo\" style=\"text-align: justify;\" data-block-type=\"backstage-photo\" data-block-id=\"8\">\n<div class=\"mc-column content-media__container\">\n<div class=\"content-media-container glb-skeleton-box\">\n<figure class=\"content-media-figure\"><img decoding=\"async\" class=\"i-amphtml-fill-content i-amphtml-replaced-content\" src=\"https:\/\/s2.glbimg.com\/XLLO2R2_VaJBYzr1x6mSwGIEk-A=\/0x0:1280x960\/984x0\/smart\/filters:strip_icc()\/i.s3.glbimg.com\/v1\/AUTH_59edd422c0c84a879bd37670ae4f538a\/internal_photos\/bs\/2021\/E\/S\/RILm3yRTiTyra8F8SCFQ\/whatsapp-image-2021-04-23-at-06.22.42-1-.jpeg\" sizes=\"(max-width: 1366px) 648px, 100vw\" srcset=\"https:\/\/s2.glbimg.com\/CsajVFDB-bPfPGfNzUxqMw-Ap3s=\/0x0:1280x960\/1000x0\/smart\/filters:strip_icc()\/i.s3.glbimg.com\/v1\/AUTH_59edd422c0c84a879bd37670ae4f538a\/internal_photos\/bs\/2021\/E\/S\/RILm3yRTiTyra8F8SCFQ\/whatsapp-image-2021-04-23-at-06.22.42-1-.jpeg 1000w, https:\/\/s2.glbimg.com\/XLLO2R2_VaJBYzr1x6mSwGIEk-A=\/0x0:1280x960\/984x0\/smart\/filters:strip_icc()\/i.s3.glbimg.com\/v1\/AUTH_59edd422c0c84a879bd37670ae4f538a\/internal_photos\/bs\/2021\/E\/S\/RILm3yRTiTyra8F8SCFQ\/whatsapp-image-2021-04-23-at-06.22.42-1-.jpeg 984w, https:\/\/s2.glbimg.com\/cBhMXJ5UFpgmsH0vw-ObgN6cy8A=\/0x0:1280x960\/640x0\/smart\/filters:strip_icc()\/i.s3.glbimg.com\/v1\/AUTH_59edd422c0c84a879bd37670ae4f538a\/internal_photos\/bs\/2021\/E\/S\/RILm3yRTiTyra8F8SCFQ\/whatsapp-image-2021-04-23-at-06.22.42-1-.jpeg 640w, https:\/\/s2.glbimg.com\/aJHWKT_po07nN-R2xZBgLL8O_kI=\/0x0:1280x960\/600x0\/smart\/filters:strip_icc()\/i.s3.glbimg.com\/v1\/AUTH_59edd422c0c84a879bd37670ae4f538a\/internal_photos\/bs\/2021\/E\/S\/RILm3yRTiTyra8F8SCFQ\/whatsapp-image-2021-04-23-at-06.22.42-1-.jpeg 600w\" alt=\"Colis\u00e3o do tipo lateral tamb\u00e9m deixou uma jovem de 24 anos gravemente ferida \u2014 Foto: Pol\u00edcia Rodovi\u00e1ria \" \/><\/figure>\n<\/div>\n<p class=\"content-media__description \">Colis\u00e3o do tipo lateral tamb\u00e9m deixou uma jovem de 24 anos gravemente ferida \u2014 Foto: Pol\u00edcia Rodovi\u00e1ria<\/p>\n<\/div>\n<\/div>\n<div class=\"content-ads content-ads--reveal\" style=\"text-align: justify;\" data-block-type=\"ads\" data-block-id=\"9\">\n<div id=\"banner_materia2\" class=\"tag-manager-publicidade-container mc-has-reveal mc-has-ad-lazyload tag-manager-publicidade-banner_materia2 tag-manager-publicidade-container--carregado tag-manager-publicidade-container--visivel\" data-id=\"banner_materia2\" data-req=\"true\" data-google-query-id=\"CPij5cu1lPACFSIG1AoduagGgw\" data-cid=\"138346839265\" data-lid=\"5657608266\">\n<div id=\"google_ads_iframe_\/95377733\/tvg_G1\/Sua_Regiao&gt;Sudeste&gt;Sao_Paulo_(Pres_Prudente)_3__container__\" style=\"box-sizing: inherit; margin: auto; padding: 0px; border: 0pt none; font: inherit; vertical-align: initial; max-width: 100%; text-align: center; width: 970px; height: 150px;\"><img decoding=\"async\" class=\"i-amphtml-fill-content i-amphtml-replaced-content\" style=\"text-align: justify;\" src=\"https:\/\/s2.glbimg.com\/6agH3tzfdOvuKP_ambsvQVLQ4y0=\/0x0:1280x720\/984x0\/smart\/filters:strip_icc()\/i.s3.glbimg.com\/v1\/AUTH_59edd422c0c84a879bd37670ae4f538a\/internal_photos\/bs\/2021\/N\/8\/mVRklDTtAgqiWES8k5Lw\/whatsapp-image-2021-04-23-at-06.23.06.jpeg\" sizes=\"(max-width: 1366px) 648px, 100vw\" srcset=\"https:\/\/s2.glbimg.com\/zrsIvswKZidkpBZrUA6MSs6qUDs=\/0x0:1280x720\/1000x0\/smart\/filters:strip_icc()\/i.s3.glbimg.com\/v1\/AUTH_59edd422c0c84a879bd37670ae4f538a\/internal_photos\/bs\/2021\/N\/8\/mVRklDTtAgqiWES8k5Lw\/whatsapp-image-2021-04-23-at-06.23.06.jpeg 1000w, https:\/\/s2.glbimg.com\/6agH3tzfdOvuKP_ambsvQVLQ4y0=\/0x0:1280x720\/984x0\/smart\/filters:strip_icc()\/i.s3.glbimg.com\/v1\/AUTH_59edd422c0c84a879bd37670ae4f538a\/internal_photos\/bs\/2021\/N\/8\/mVRklDTtAgqiWES8k5Lw\/whatsapp-image-2021-04-23-at-06.23.06.jpeg 984w, https:\/\/s2.glbimg.com\/bhaAYvjLCUMdVR2kDpxX0QyuUq0=\/0x0:1280x720\/640x0\/smart\/filters:strip_icc()\/i.s3.glbimg.com\/v1\/AUTH_59edd422c0c84a879bd37670ae4f538a\/internal_photos\/bs\/2021\/N\/8\/mVRklDTtAgqiWES8k5Lw\/whatsapp-image-2021-04-23-at-06.23.06.jpeg 640w, https:\/\/s2.glbimg.com\/_KurDBexBMnLkFIkw2dd1WwD-e4=\/0x0:1280x720\/600x0\/smart\/filters:strip_icc()\/i.s3.glbimg.com\/v1\/AUTH_59edd422c0c84a879bd37670ae4f538a\/internal_photos\/bs\/2021\/N\/8\/mVRklDTtAgqiWES8k5Lw\/whatsapp-image-2021-04-23-at-06.23.06.jpeg 600w\" alt=\"Motocicleta foi atingida na lateral por um carro \u2014 Foto: Pol\u00edcia Rodovi\u00e1ria \" \/><\/div>\n<\/div>\n<\/div>\n<div class=\"row medium-uncollapsed content-media content-photo\" style=\"text-align: justify;\" data-block-type=\"backstage-photo\" data-block-id=\"10\">\n<div class=\"mc-column content-media__container\">\n<p class=\"content-media__description \">Motocicleta foi atingida na lateral por um carro \u2014 Foto: Pol\u00edcia Rodovi\u00e1ria<\/p>\n<\/div>\n<\/div>\n<\/div>\n<p>&nbsp;<\/p>\n<p>&nbsp;<\/p>\n<p>&nbsp;<\/p>\n<p>Motocicleta foi atingida na lateral por um carro \u2014 Foto: Pol\u00edcia Rodovi\u00e1ria<\/p>\n<div class=\"wall protected-content\">\n<div class=\"row medium-uncollapsed content-media content-photo\" data-block-type=\"backstage-photo\" data-block-id=\"11\">\n<div class=\"mc-column content-media__container\">\n<div class=\"content-media-container glb-skeleton-box\" style=\"text-align: justify;\">\n<figure class=\"content-media-figure\"><img decoding=\"async\" class=\"i-amphtml-fill-content i-amphtml-replaced-content\" src=\"https:\/\/s2.glbimg.com\/ZR3QAZJYmOK6v05jj9e0hBGA-_Q=\/0x0:1280x960\/984x0\/smart\/filters:strip_icc()\/i.s3.glbimg.com\/v1\/AUTH_59edd422c0c84a879bd37670ae4f538a\/internal_photos\/bs\/2021\/Y\/m\/M54K9LSeAMSiAufYCPWA\/whatsapp-image-2021-04-23-at-06.22.43.jpeg\" sizes=\"(max-width: 1366px) 648px, 100vw\" srcset=\"https:\/\/s2.glbimg.com\/4d6AkT5p4V6CoDeHdLsqpf2aSHs=\/0x0:1280x960\/1000x0\/smart\/filters:strip_icc()\/i.s3.glbimg.com\/v1\/AUTH_59edd422c0c84a879bd37670ae4f538a\/internal_photos\/bs\/2021\/Y\/m\/M54K9LSeAMSiAufYCPWA\/whatsapp-image-2021-04-23-at-06.22.43.jpeg 1000w, https:\/\/s2.glbimg.com\/ZR3QAZJYmOK6v05jj9e0hBGA-_Q=\/0x0:1280x960\/984x0\/smart\/filters:strip_icc()\/i.s3.glbimg.com\/v1\/AUTH_59edd422c0c84a879bd37670ae4f538a\/internal_photos\/bs\/2021\/Y\/m\/M54K9LSeAMSiAufYCPWA\/whatsapp-image-2021-04-23-at-06.22.43.jpeg 984w, https:\/\/s2.glbimg.com\/FoqA8W6bNPIcg0SwiP-P_1PEgB0=\/0x0:1280x960\/640x0\/smart\/filters:strip_icc()\/i.s3.glbimg.com\/v1\/AUTH_59edd422c0c84a879bd37670ae4f538a\/internal_photos\/bs\/2021\/Y\/m\/M54K9LSeAMSiAufYCPWA\/whatsapp-image-2021-04-23-at-06.22.43.jpeg 640w, https:\/\/s2.glbimg.com\/E2VyY37yi6WOirUtWtKfJA6M2U4=\/0x0:1280x960\/600x0\/smart\/filters:strip_icc()\/i.s3.glbimg.com\/v1\/AUTH_59edd422c0c84a879bd37670ae4f538a\/internal_photos\/bs\/2021\/Y\/m\/M54K9LSeAMSiAufYCPWA\/whatsapp-image-2021-04-23-at-06.22.43.jpeg 600w\" alt=\"Motocicleta foi atingida na lateral por um carro \u2014 Foto: Pol\u00edcia Rodovi\u00e1ria\" \/><\/figure>\n<\/div>\n<p class=\"content-media__description \" style=\"text-align: justify;\">Motocicleta foi atingida na lateral por um carro \u2014 Foto: Pol\u00edcia Rodovi\u00e1ria<\/p>\n<p>Fonte: G1<\/p>\n<p style=\"text-align: justify;\">OCORR\u00caNCIA ATENDIDA NA \u00c1REA DO POLICIAMENTO RODOVI\u00c1RIO<br \/>\nFato: Acidente de tr\u00e2nsito com uma v\u00edtima fatal.<\/p>\n<p style=\"text-align: justify;\">Data\/Hora: 22ABR21, 22h08min.<\/p>\n<p style=\"text-align: justify;\">Endere\u00e7o: SP- 294- Rodovia Comandante Jo\u00e3o Ribeiro de Barros, km 683,900 metros.<\/p>\n<p style=\"text-align: justify;\">Munic\u00edpio: : PANORAMA\/SP<\/p>\n<p style=\"text-align: justify;\">Hist\u00f3rico:<br \/>\nO autom\u00f3vel I\/M. BENZ C 180 CGI com placas de Dracena\/SP, transitava o itiner\u00e1rio Paulic\u00e9ia \u00e1 Panorama e o motociclo Honda\/Biz 125 ES com placas de Paulic\u00e9ia\/SP seguia o itiner\u00e1rio Panorama \u00e1 Paulic\u00e9ia e ao atingirem o quil\u00f4metro supracitado, por motivos a serem apurados, o autom\u00f3vel colidiu lateralmente com a motocicleta, destaca-se que o autom\u00f3vel envolvido, foi abandonado a aproximadamente 500 metros do sinistro, e condutor evadiu-se do local com destino ignorado.<br \/>\nO Acidente de Tr\u00e2nsito resultou em 01 (uma) v\u00edtima fatal, passageiro da motocicleta, de 31 anos e 01 (uma) vitima grave de 24 anos, casados e residentes na cidade de Pauliceia\/SP<br \/>\nPista com tr\u00eas faixas, transito fluindo normalmente.<\/p>\n<p>Fonte: Pol\u00edcia Militar Rodovi\u00e1ria<\/p>\n<p>NOTA: As v\u00edtimas s\u00e3o: Jos\u00e9 Pimenta dos Santos Neto, de 31 anos que faleceu e a esposa R.P.S.N, de 24 anos que est\u00e1 internada na Santa Casa de Dracena.<\/p>\n<p><img loading=\"lazy\" decoding=\"async\" class=\"alignnone size-full wp-image-46655\" src=\"https:\/\/jorgezanoni.com.br\/2019\/wp-content\/uploads\/2021\/04\/Jos\u00e9-Pimenta-2.jpg\" alt=\"\" width=\"448\" height=\"570\" srcset=\"https:\/\/jorgezanoni.com.br\/2019\/wp-content\/uploads\/2021\/04\/Jos\u00e9-Pimenta-2.jpg 448w, https:\/\/jorgezanoni.com.br\/2019\/wp-content\/uploads\/2021\/04\/Jos\u00e9-Pimenta-2-236x300.jpg 236w, https:\/\/jorgezanoni.com.br\/2019\/wp-content\/uploads\/2021\/04\/Jos\u00e9-Pimenta-2-330x420.jpg 330w\" sizes=\"auto, (max-width: 448px) 100vw, 448px\" \/><\/p>\n<p>Fonte: Panorama Not\u00edcias<\/p>\n<\/div>\n<\/div>\n<\/div>\n","protected":false},"excerpt":{"rendered":"<p>Condutor do autom\u00f3vel abandonou o ve\u00edculo a 500 metros do local do acidente. Colis\u00e3o do tipo lateral tamb\u00e9m deixou uma jovem de 24 anos gravemente ferida. Um homem morreu e uma jovem ficou gravemente ferida ap\u00f3s um acidente de tr\u00e2nsito na Rodovia Comandante Jo\u00e3o Ribeiro de Barros (SP-294), em\u00a0Panorama. As v\u00edtimas estavam em uma motocicleta [&hellip;]<\/p>\n","protected":false},"author":1,"featured_media":46656,"comment_status":"closed","ping_status":"open","sticky":false,"template":"","format":"standard","meta":{"footnotes":""},"categories":[170,110],"tags":[],"class_list":["post-46653","post","type-post","status-publish","format-standard","has-post-thumbnail","hentry","category-acidentes","category-noticiasdestaque"],"_links":{"self":[{"href":"https:\/\/jorgezanoni.com.br\/2019\/wp-json\/wp\/v2\/posts\/46653","targetHints":{"allow":["GET"]}}],"collection":[{"href":"https:\/\/jorgezanoni.com.br\/2019\/wp-json\/wp\/v2\/posts"}],"about":[{"href":"https:\/\/jorgezanoni.com.br\/2019\/wp-json\/wp\/v2\/types\/post"}],"author":[{"embeddable":true,"href":"https:\/\/jorgezanoni.com.br\/2019\/wp-json\/wp\/v2\/users\/1"}],"replies":[{"embeddable":true,"href":"https:\/\/jorgezanoni.com.br\/2019\/wp-json\/wp\/v2\/comments?post=46653"}],"version-history":[{"count":0,"href":"https:\/\/jorgezanoni.com.br\/2019\/wp-json\/wp\/v2\/posts\/46653\/revisions"}],"wp:featuredmedia":[{"embeddable":true,"href":"https:\/\/jorgezanoni.com.br\/2019\/wp-json\/wp\/v2\/media\/46656"}],"wp:attachment":[{"href":"https:\/\/jorgezanoni.com.br\/2019\/wp-json\/wp\/v2\/media?parent=46653"}],"wp:term":[{"taxonomy":"category","embeddable":true,"href":"https:\/\/jorgezanoni.com.br\/2019\/wp-json\/wp\/v2\/categories?post=46653"},{"taxonomy":"post_tag","embeddable":true,"href":"https:\/\/jorgezanoni.com.br\/2019\/wp-json\/wp\/v2\/tags?post=46653"}],"curies":[{"name":"wp","href":"https:\/\/api.w.org\/{rel}","templated":true}]}}