{"id":46650,"date":"2021-04-23T12:39:02","date_gmt":"2021-04-23T12:39:02","guid":{"rendered":"https:\/\/jorgezanoni.com.br\/2019\/?p=46650"},"modified":"2021-04-23T12:39:02","modified_gmt":"2021-04-23T12:39:02","slug":"vacina-fora-do-prazo-prefeito-andre-lemos-determina-que-sejam-apuradas-responsabilidades","status":"publish","type":"post","link":"https:\/\/jorgezanoni.com.br\/2019\/vacina-fora-do-prazo-prefeito-andre-lemos-determina-que-sejam-apuradas-responsabilidades\/","title":{"rendered":"VACINA FORA DO PRAZO: Prefeito Andr\u00e9 Lemos determina que sejam apuradas responsabilidades"},"content":{"rendered":"<p>O prefeito Andr\u00e9 Lemos determinou que sejam apuradas as responsabilidades quanto a aplica\u00e7\u00e3o da vacina covid em 80 pessoas, que estava com a data de validade vencida, no munic\u00edpio de Dracena.<\/p>\n<p style=\"text-align: justify;\">O chefe do Executivo est\u00e1 acompanhando de perto o ocorrido e salienta a preocupa\u00e7\u00e3o com o desenvolvimento da campanha na cidade, para que tudo ocorra dentro da mais perfeita ordem.<\/p>\n<p style=\"text-align: justify;\">As doses vencidas pertenciam ao lote 4120Z001, do fabricante Oxford-AstraZeneca e foram aplicadas nos dias 14 e 15 de abril.<\/p>\n<p style=\"text-align: justify;\">A Secretaria Municipal de Sa\u00fade ressalta que nestes dias foram aplicadas doses de outros lotes tamb\u00e9m que estavam dentro da normalidade, portanto pessoas que foram nestes dois dias (14 e 15) receber o imunizante devem se atentar ao n\u00famero do lote. Ainda informa que essas que receberam as doses fora do prazo de validade ser\u00e3o monitoradas por 30 dias, a partir da data de aplica\u00e7\u00e3o e n\u00e3o t\u00eam motivo para entrarem em p\u00e2nico.<\/p>\n<p style=\"text-align: justify;\">A partir de hoje, 23, equipes da Vigil\u00e2ncia Epidemiol\u00f3gica da cidade iniciar\u00e3o visitas a essas pessoas para orienta\u00e7\u00e3o. Esclarece que tal situa\u00e7\u00e3o j\u00e1 foi comunicada ao Grupo de Vigil\u00e2ncia Epidemiol\u00f3gica (GVE), de Presidente Venceslau.<\/p>\n<p style=\"text-align: justify;\">O procedimento foi considerado inadequado, a dose ser\u00e1 inv\u00e1lida e a orienta\u00e7\u00e3o \u00e9 a revacina\u00e7\u00e3o ap\u00f3s 30 dias com a vacina de outro laborat\u00f3rio.<\/p>\n<p style=\"text-align: justify;\">Informa\u00e7\u00f5es procure a Sala de Vacina no pr\u00e9dio da Policl\u00ednica no bairro S\u00e3o Crist\u00f3v\u00e3o, Rua Dom Bosco n\u00b0 47 e pelo telefone 3822-1211, Informa Vacina.<\/p>\n<p style=\"text-align: justify;\">Fonte: Diretoria de Comunica\u00e7\u00e3o<\/p>\n","protected":false},"excerpt":{"rendered":"<p>O prefeito Andr\u00e9 Lemos determinou que sejam apuradas as responsabilidades quanto a aplica\u00e7\u00e3o da vacina covid em 80 pessoas, que estava com a data de validade vencida, no munic\u00edpio de Dracena. O chefe do Executivo est\u00e1 acompanhando de perto o ocorrido e salienta a preocupa\u00e7\u00e3o com o desenvolvimento da campanha na cidade, para que tudo [&hellip;]<\/p>\n","protected":false},"author":1,"featured_media":46651,"comment_status":"closed","ping_status":"open","sticky":false,"template":"","format":"standard","meta":{"footnotes":""},"categories":[179,184,110],"tags":[],"class_list":["post-46650","post","type-post","status-publish","format-standard","has-post-thumbnail","hentry","category-cidadeseregiao","category-dracena","category-noticiasdestaque"],"_links":{"self":[{"href":"https:\/\/jorgezanoni.com.br\/2019\/wp-json\/wp\/v2\/posts\/46650","targetHints":{"allow":["GET"]}}],"collection":[{"href":"https:\/\/jorgezanoni.com.br\/2019\/wp-json\/wp\/v2\/posts"}],"about":[{"href":"https:\/\/jorgezanoni.com.br\/2019\/wp-json\/wp\/v2\/types\/post"}],"author":[{"embeddable":true,"href":"https:\/\/jorgezanoni.com.br\/2019\/wp-json\/wp\/v2\/users\/1"}],"replies":[{"embeddable":true,"href":"https:\/\/jorgezanoni.com.br\/2019\/wp-json\/wp\/v2\/comments?post=46650"}],"version-history":[{"count":0,"href":"https:\/\/jorgezanoni.com.br\/2019\/wp-json\/wp\/v2\/posts\/46650\/revisions"}],"wp:featuredmedia":[{"embeddable":true,"href":"https:\/\/jorgezanoni.com.br\/2019\/wp-json\/wp\/v2\/media\/46651"}],"wp:attachment":[{"href":"https:\/\/jorgezanoni.com.br\/2019\/wp-json\/wp\/v2\/media?parent=46650"}],"wp:term":[{"taxonomy":"category","embeddable":true,"href":"https:\/\/jorgezanoni.com.br\/2019\/wp-json\/wp\/v2\/categories?post=46650"},{"taxonomy":"post_tag","embeddable":true,"href":"https:\/\/jorgezanoni.com.br\/2019\/wp-json\/wp\/v2\/tags?post=46650"}],"curies":[{"name":"wp","href":"https:\/\/api.w.org\/{rel}","templated":true}]}}