{"id":46622,"date":"2021-04-22T22:17:35","date_gmt":"2021-04-22T22:17:35","guid":{"rendered":"https:\/\/jorgezanoni.com.br\/2019\/?p=46622"},"modified":"2021-04-22T22:17:35","modified_gmt":"2021-04-22T22:17:35","slug":"vacina-covid-19-secretaria-de-saude-de-dracena-informa-lote-com-data-vencida","status":"publish","type":"post","link":"https:\/\/jorgezanoni.com.br\/2019\/vacina-covid-19-secretaria-de-saude-de-dracena-informa-lote-com-data-vencida\/","title":{"rendered":"VACINA COVID 19: Secretaria de Sa\u00fade de Dracena informa Lote com data vencida"},"content":{"rendered":"<p style=\"text-align: justify;\"><em><strong>Prefeito Andr\u00e9 Lemos fala sobre o ocorrido, orienta a popula\u00e7\u00e3o a n\u00e3o entrar em p\u00e2nico e ressalta a import\u00e2ncia da vacina para preven\u00e7\u00e3o ao covid 19.<\/strong><\/em><\/p>\n<p style=\"text-align: justify;\">A Secretaria Municipal de Sa\u00fade de Dracena comunica que 80 doses do lote 4120Z001, da vacina covid 19 &#8211; fabricante Oxford-AstraZeneca, aplicadas nos dias 14 e 15 de abril no munic\u00edpio, estavam com a data de validade vencida.<\/p>\n<p style=\"text-align: justify;\">A Sa\u00fade informa que as pessoas que receberam essas doses ser\u00e3o monitoradas por 30 dias, a partir da data de aplica\u00e7\u00e3o e n\u00e3o t\u00eam motivo para entrarem em p\u00e2nico. Dever\u00e3o aguardar em suas resid\u00eancias a visita de equipe da Sa\u00fade municipal para orienta\u00e7\u00e3o. Esclarece ainda que tal situa\u00e7\u00e3o j\u00e1 foi comunicada ao Grupo de Vigil\u00e2ncia Epidemiol\u00f3gica (GVE), de Presidente Venceslau. Este procedimento foi considerado inadequado, a dose ser\u00e1 inv\u00e1lida e a orienta\u00e7\u00e3o \u00e9 a revacina\u00e7\u00e3o ap\u00f3s 30 dias com a vacina de outro laborat\u00f3rio. Sendo assim, aguarda por mais orienta\u00e7\u00f5es da Divis\u00e3o de Imuniza\u00e7\u00e3o da Secretaria Estadual de Sa\u00fade.<\/p>\n<p style=\"text-align: justify;\">Informa\u00e7\u00f5es procure a Sala de Vacina no pr\u00e9dio da Policl\u00ednica no bairro S\u00e3o Crist\u00f3v\u00e3o, Rua Dom Bosco n\u00b0 47 e pelo telefone 3822-1211, Informa Vacina.<\/p>\n<p style=\"text-align: justify;\">A administra\u00e7\u00e3o municipal, atrav\u00e9s do prefeito Andr\u00e9 Lemos ressalta todo o cuidado com que a campanha de vacina\u00e7\u00e3o covid vem sendo desenvolvida na cidade desde o m\u00eas de janeiro, para evitar os mais diferentes problemas.<\/p>\n<p style=\"text-align: justify;\">O prefeito Andr\u00e9 ainda pontua que a popula\u00e7\u00e3o que est\u00e1 sendo beneficiada com a vacina deve ir receb\u00ea-la sem receio, porque \u00e9 com os imunizantes que poderemos vencer essa luta contra a pandemia do covid 19. N\u00e3o se esquecendo dos demais cuidados como higienizar as m\u00e3os, evitar aglomera\u00e7\u00f5es, usar m\u00e1scaras.<\/p>\n<p style=\"text-align: justify;\">Salienta que todos os lotes utilizados encontram-se com a data de validade correta, portanto se \u00e9 a sua idade contemplada, v\u00e1 at\u00e9 o posto receber a vacina.<\/p>\n<p style=\"text-align: justify;\">Fonte: Diretoria de Comunica\u00e7\u00e3o da Prefeitura<\/p>\n","protected":false},"excerpt":{"rendered":"<p>Prefeito Andr\u00e9 Lemos fala sobre o ocorrido, orienta a popula\u00e7\u00e3o a n\u00e3o entrar em p\u00e2nico e ressalta a import\u00e2ncia da vacina para preven\u00e7\u00e3o ao covid 19. A Secretaria Municipal de Sa\u00fade de Dracena comunica que 80 doses do lote 4120Z001, da vacina covid 19 &#8211; fabricante Oxford-AstraZeneca, aplicadas nos dias 14 e 15 de abril [&hellip;]<\/p>\n","protected":false},"author":1,"featured_media":46623,"comment_status":"closed","ping_status":"open","sticky":false,"template":"","format":"standard","meta":{"footnotes":""},"categories":[179,184,110],"tags":[],"class_list":["post-46622","post","type-post","status-publish","format-standard","has-post-thumbnail","hentry","category-cidadeseregiao","category-dracena","category-noticiasdestaque"],"_links":{"self":[{"href":"https:\/\/jorgezanoni.com.br\/2019\/wp-json\/wp\/v2\/posts\/46622","targetHints":{"allow":["GET"]}}],"collection":[{"href":"https:\/\/jorgezanoni.com.br\/2019\/wp-json\/wp\/v2\/posts"}],"about":[{"href":"https:\/\/jorgezanoni.com.br\/2019\/wp-json\/wp\/v2\/types\/post"}],"author":[{"embeddable":true,"href":"https:\/\/jorgezanoni.com.br\/2019\/wp-json\/wp\/v2\/users\/1"}],"replies":[{"embeddable":true,"href":"https:\/\/jorgezanoni.com.br\/2019\/wp-json\/wp\/v2\/comments?post=46622"}],"version-history":[{"count":0,"href":"https:\/\/jorgezanoni.com.br\/2019\/wp-json\/wp\/v2\/posts\/46622\/revisions"}],"wp:featuredmedia":[{"embeddable":true,"href":"https:\/\/jorgezanoni.com.br\/2019\/wp-json\/wp\/v2\/media\/46623"}],"wp:attachment":[{"href":"https:\/\/jorgezanoni.com.br\/2019\/wp-json\/wp\/v2\/media?parent=46622"}],"wp:term":[{"taxonomy":"category","embeddable":true,"href":"https:\/\/jorgezanoni.com.br\/2019\/wp-json\/wp\/v2\/categories?post=46622"},{"taxonomy":"post_tag","embeddable":true,"href":"https:\/\/jorgezanoni.com.br\/2019\/wp-json\/wp\/v2\/tags?post=46622"}],"curies":[{"name":"wp","href":"https:\/\/api.w.org\/{rel}","templated":true}]}}