{"id":46619,"date":"2021-04-22T22:09:19","date_gmt":"2021-04-22T22:09:19","guid":{"rendered":"https:\/\/jorgezanoni.com.br\/2019\/?p=46619"},"modified":"2021-04-22T22:09:19","modified_gmt":"2021-04-22T22:09:19","slug":"unesp-dracena-realizara-evento-internacional","status":"publish","type":"post","link":"https:\/\/jorgezanoni.com.br\/2019\/unesp-dracena-realizara-evento-internacional\/","title":{"rendered":"Unesp Dracena realizar\u00e1 Evento Internacional"},"content":{"rendered":"<div>\n<div>\n<p style=\"text-align: justify;\"><strong>O 3\u00ba IMAST acontecer\u00e1 entre os dias 15 e 17 de setembro.<\/strong><\/p>\n<\/div>\n<\/div>\n<p style=\"text-align: justify;\">Por: Profa. Dra. Elaine Mendon\u00e7a Bernardes &#8211; Presidente da Comiss\u00e3o Organizadora do IMAST<\/p>\n<div>\n<div>\n<div>\n<div>\n<p style=\"text-align: justify;\">O\u00a0<b>3\u00ba\u00a0IMAST &#8211;\u00a0\u00a0International Meeting of Agrarian Science and Tecnology<\/b>\u00a0ser\u00e1 realizado, pela primeira vez, virtualmente nos dias\u00a0<b>15 a 17 de setembro de 2021<\/b>. \u00c9 mais um passo importante na evolu\u00e7\u00e3o desse evento que se originou do antigo I Encontro de Zootecnia da Unesp de Dracena, em 2004. J\u00e1 s\u00e3o quase duas d\u00e9cadas de aprimoramento de um trabalho que, desde o in\u00edcio, foi sempre muito bem-sucedido.<\/p>\n<p dir=\"ltr\" style=\"text-align: justify;\">O IMAST \u00e9 um evento da Faculdade de Ci\u00eancias Agr\u00e1rias e Tecnol\u00f3gicas (FCAT) que tem a finalidade de formar, informar e atualizar conhecimentos sobre o desenvolvimento cient\u00edfico e tecnol\u00f3gico e sustent\u00e1vel aplicado \u00e0s Ci\u00eancias Agr\u00e1rias. Ainda como SICUD (Simp\u00f3sio de Ci\u00eancias da Unesp de Dracena), sempre reuniu nomes expressivos da comunidade cient\u00edfica nacional, vindos de diferentes estados e de diversos centros de ensino e pesquisa do Brasil. Nas suas primeiras edi\u00e7\u00f5es internacionais (2016 e 2018), o IMAST trouxe pesquisadores da Espanha, dos Estados Unidos, do Canad\u00e1 e da \u00c1frica do Sul. No evento deste ano, j\u00e1 temos confirmados pesquisadores da Espanha, dos Estados Unidos, da Alemanha e de Portugal para ministrarem palestras, participarem de mesa redonda e bancas julgadoras de trabalhos cient\u00edficos. Em 2018, os organizadores do evento lan\u00e7aram o primeiro livro, em dois volumes, escrito por docentes da FCAT (dispon\u00edvel em\u00a0<a href=\"https:\/\/culturaacademica.com.br\/catalogo\/imast-2018\/\" target=\"_blank\" rel=\"noopener noreferrer\">https:\/\/culturaacademica.com.br\/catalogo\/imast-2018\/<\/a>), e este ano ser\u00e1 lan\u00e7ado o segundo livro, que j\u00e1 est\u00e1 em fase de conclus\u00e3o.<\/p>\n<p dir=\"ltr\" style=\"text-align: justify;\"><b>A submiss\u00e3o de trabalhos est\u00e1 prevista para o m\u00eas de julho<\/b>. As informa\u00e7\u00f5es estar\u00e3o dispon\u00edveis\u00a0<a href=\"https:\/\/www.dracena.unesp.br\/#!\/eventos\/imast-2021\/\" target=\"_blank\" rel=\"noopener noreferrer\">p\u00e1gina oficial do evento<\/a>, no site e nas\u00a0<a href=\"https:\/\/www.facebook.com\/unespdracenaoficial\" target=\"_blank\" rel=\"noopener noreferrer\">redes sociais<\/a>\u00a0da FCAT.<\/p>\n<p style=\"text-align: justify;\"><span id=\"v1m_7945264943614919765m_783091118363204554gmail-m_-4934633785902731746gmail-docs-internal-guid-b4c20bf9-7fff-0e60-3d3e-e5ab2d5a0ded\">\u00a0<\/span>Em 2021, o IMAST traz, mais uma vez, e com mais \u00eanfase, debates sobre a valoriza\u00e7\u00e3o e est\u00edmulo \u00e0 pesquisa cient\u00edfica e sua divulga\u00e7\u00e3o nas \u00e1reas de Ci\u00eancias Agr\u00e1rias e afins. Outros objetivos do evento s\u00e3o: (1) proporcionar uma programa\u00e7\u00e3o de educa\u00e7\u00e3o continuada para estudantes e profissionais por meio da intera\u00e7\u00e3o com palestrantes de destaque no circuito nacional e internacional; (2) discutir a import\u00e2ncia e as particularidades da p\u00f3s-gradua\u00e7\u00e3o no Brasil e no exterior; (3) formar, informar e atualizar conhecimentos dos participantes sobre o desenvolvimento agropecu\u00e1rio com base nos conhecimentos cient\u00edficos, integrando ci\u00eancias b\u00e1sicas e aplicadas na transversalidade da programa\u00e7\u00e3o. Por fim, (4) possibilita inter-relacionar as pesquisas em andamento na FCAT \u00e0s atividades de ensino e extens\u00e3o, que constituem o trip\u00e9 da Universidade, proporcionando aos participantes uma vis\u00e3o atual e de perspectivas para o seu desenvolvimento cient\u00edfico e profissional.<\/p>\n<p style=\"text-align: justify;\">Fonte: Unesp Dracena<\/p>\n<\/div>\n<\/div>\n<\/div>\n<\/div>\n","protected":false},"excerpt":{"rendered":"<p>O 3\u00ba IMAST acontecer\u00e1 entre os dias 15 e 17 de setembro. Por: Profa. Dra. Elaine Mendon\u00e7a Bernardes &#8211; Presidente da Comiss\u00e3o Organizadora do IMAST O\u00a03\u00ba\u00a0IMAST &#8211;\u00a0\u00a0International Meeting of Agrarian Science and Tecnology\u00a0ser\u00e1 realizado, pela primeira vez, virtualmente nos dias\u00a015 a 17 de setembro de 2021. \u00c9 mais um passo importante na evolu\u00e7\u00e3o desse evento [&hellip;]<\/p>\n","protected":false},"author":1,"featured_media":46620,"comment_status":"closed","ping_status":"open","sticky":false,"template":"","format":"standard","meta":{"footnotes":""},"categories":[122],"tags":[],"class_list":["post-46619","post","type-post","status-publish","format-standard","has-post-thumbnail","hentry","category-saudeeducacaoeconcurso"],"_links":{"self":[{"href":"https:\/\/jorgezanoni.com.br\/2019\/wp-json\/wp\/v2\/posts\/46619","targetHints":{"allow":["GET"]}}],"collection":[{"href":"https:\/\/jorgezanoni.com.br\/2019\/wp-json\/wp\/v2\/posts"}],"about":[{"href":"https:\/\/jorgezanoni.com.br\/2019\/wp-json\/wp\/v2\/types\/post"}],"author":[{"embeddable":true,"href":"https:\/\/jorgezanoni.com.br\/2019\/wp-json\/wp\/v2\/users\/1"}],"replies":[{"embeddable":true,"href":"https:\/\/jorgezanoni.com.br\/2019\/wp-json\/wp\/v2\/comments?post=46619"}],"version-history":[{"count":0,"href":"https:\/\/jorgezanoni.com.br\/2019\/wp-json\/wp\/v2\/posts\/46619\/revisions"}],"wp:featuredmedia":[{"embeddable":true,"href":"https:\/\/jorgezanoni.com.br\/2019\/wp-json\/wp\/v2\/media\/46620"}],"wp:attachment":[{"href":"https:\/\/jorgezanoni.com.br\/2019\/wp-json\/wp\/v2\/media?parent=46619"}],"wp:term":[{"taxonomy":"category","embeddable":true,"href":"https:\/\/jorgezanoni.com.br\/2019\/wp-json\/wp\/v2\/categories?post=46619"},{"taxonomy":"post_tag","embeddable":true,"href":"https:\/\/jorgezanoni.com.br\/2019\/wp-json\/wp\/v2\/tags?post=46619"}],"curies":[{"name":"wp","href":"https:\/\/api.w.org\/{rel}","templated":true}]}}