{"id":46611,"date":"2021-04-22T13:20:52","date_gmt":"2021-04-22T13:20:52","guid":{"rendered":"https:\/\/jorgezanoni.com.br\/2019\/?p=46611"},"modified":"2021-04-22T13:20:52","modified_gmt":"2021-04-22T13:20:52","slug":"vacina-covid-19-passa-a-atender-publico-de-64-anos-a-partir-de-amanha-23-em-dracena","status":"publish","type":"post","link":"https:\/\/jorgezanoni.com.br\/2019\/vacina-covid-19-passa-a-atender-publico-de-64-anos-a-partir-de-amanha-23-em-dracena\/","title":{"rendered":"Vacina COVID-19 passa a atender p\u00fablico de 64 anos a partir de amanh\u00e3 (23) em Dracena"},"content":{"rendered":"<p style=\"text-align: justify;\">A Secretaria de Sa\u00fade de Dracena informa que a partir desta sexta-feira, 23, a vacina para preven\u00e7\u00e3o ao covid 19 estar\u00e1 dispon\u00edvel para o p\u00fablico de 64 anos. \u00c9 necess\u00e1rio levar o RG, CPF e comprovante de resid\u00eancia.<\/p>\n<p style=\"text-align: justify;\">Pessoas com 90 anos ou mais at\u00e9 64 anos que ainda n\u00e3o foram se imunizar devem procurar pelos postos de vacina\u00e7\u00e3o na cidade. Em caso da segunda dose levar o cart\u00e3o que conste a anota\u00e7\u00e3o da primeira.<\/p>\n<p style=\"text-align: justify;\"><strong>CONFIRA OS LOCAIS:<\/strong><\/p>\n<p style=\"text-align: justify;\">ESCOLAS CEP-UME e JO\u00c3O VENDRAMINI &#8211; das 8h \u00e0s 13 horas.<\/p>\n<p style=\"text-align: justify;\"><strong>PROFISSIONAIS DE EDUCA\u00c7\u00c3O<\/strong><\/p>\n<p style=\"text-align: justify;\">Profissionais com 47 anos completos ou mais que trabalham nas escolas municipais, estaduais e privadas do ensino infantil ao ensino m\u00e9dio que ainda n\u00e3o foram receber a vacina podem comparecer na Sala de Vacina, na Policl\u00ednica, das 13h \u00e0s 14h.<\/p>\n<p style=\"text-align: justify;\">As categorias contempladas: professores, merendeiras, auxiliares de servi\u00e7os gerais, secret\u00e1rios da escola, diretores e vice-diretores, coordenadores pedag\u00f3gicos, cuidadores ou int\u00e9rprete de libras, inspetor de alunos, assistente de alfabetiza\u00e7\u00e3o (monitor).<\/p>\n<p style=\"text-align: justify;\">Os profissionais dever\u00e3o antes de ir ao local da vacina\u00e7\u00e3o realizar o cadastro no site: http\/\/vacinaja.sp.gov.br\/educacao<\/p>\n<p style=\"text-align: justify;\">Ap\u00f3s o cadastro, o profissional receber\u00e1 a aprova\u00e7\u00e3o em seu e-mail cadastrado. Dever\u00e1 levar no dia da vacina\u00e7\u00e3o junto com o RG, CPF e o holerite do m\u00eas anterior.<\/p>\n<p style=\"text-align: justify;\">Fonte: Diretoria de Comunica\u00e7\u00e3o<\/p>\n","protected":false},"excerpt":{"rendered":"<p>A Secretaria de Sa\u00fade de Dracena informa que a partir desta sexta-feira, 23, a vacina para preven\u00e7\u00e3o ao covid 19 estar\u00e1 dispon\u00edvel para o p\u00fablico de 64 anos. \u00c9 necess\u00e1rio levar o RG, CPF e comprovante de resid\u00eancia. Pessoas com 90 anos ou mais at\u00e9 64 anos que ainda n\u00e3o foram se imunizar devem procurar [&hellip;]<\/p>\n","protected":false},"author":1,"featured_media":46612,"comment_status":"closed","ping_status":"open","sticky":false,"template":"","format":"standard","meta":{"footnotes":""},"categories":[110,122],"tags":[],"class_list":["post-46611","post","type-post","status-publish","format-standard","has-post-thumbnail","hentry","category-noticiasdestaque","category-saudeeducacaoeconcurso"],"_links":{"self":[{"href":"https:\/\/jorgezanoni.com.br\/2019\/wp-json\/wp\/v2\/posts\/46611","targetHints":{"allow":["GET"]}}],"collection":[{"href":"https:\/\/jorgezanoni.com.br\/2019\/wp-json\/wp\/v2\/posts"}],"about":[{"href":"https:\/\/jorgezanoni.com.br\/2019\/wp-json\/wp\/v2\/types\/post"}],"author":[{"embeddable":true,"href":"https:\/\/jorgezanoni.com.br\/2019\/wp-json\/wp\/v2\/users\/1"}],"replies":[{"embeddable":true,"href":"https:\/\/jorgezanoni.com.br\/2019\/wp-json\/wp\/v2\/comments?post=46611"}],"version-history":[{"count":0,"href":"https:\/\/jorgezanoni.com.br\/2019\/wp-json\/wp\/v2\/posts\/46611\/revisions"}],"wp:featuredmedia":[{"embeddable":true,"href":"https:\/\/jorgezanoni.com.br\/2019\/wp-json\/wp\/v2\/media\/46612"}],"wp:attachment":[{"href":"https:\/\/jorgezanoni.com.br\/2019\/wp-json\/wp\/v2\/media?parent=46611"}],"wp:term":[{"taxonomy":"category","embeddable":true,"href":"https:\/\/jorgezanoni.com.br\/2019\/wp-json\/wp\/v2\/categories?post=46611"},{"taxonomy":"post_tag","embeddable":true,"href":"https:\/\/jorgezanoni.com.br\/2019\/wp-json\/wp\/v2\/tags?post=46611"}],"curies":[{"name":"wp","href":"https:\/\/api.w.org\/{rel}","templated":true}]}}