{"id":46571,"date":"2021-04-21T17:52:06","date_gmt":"2021-04-21T17:52:06","guid":{"rendered":"https:\/\/jorgezanoni.com.br\/2019\/?p=46571"},"modified":"2021-04-21T17:52:06","modified_gmt":"2021-04-21T17:52:06","slug":"asfa-promove-o-workshop-semana-da-danca","status":"publish","type":"post","link":"https:\/\/jorgezanoni.com.br\/2019\/asfa-promove-o-workshop-semana-da-danca\/","title":{"rendered":"ASFA promove o Workshop Semana da Dan\u00e7a"},"content":{"rendered":"<p style=\"text-align: justify;\">Estamos promovendo o Workshop Semana da Dan\u00e7a em homenagem ao Dia Internacional da Dan\u00e7a (29 de abril) para as alunas do Projeto social Vem Dan\u00e7ar que ocorre na ASFA (Associa\u00e7\u00e3o S\u00e3o Francisco de Assis). O projeto conta com aproximadamente 70 alunas de 5 a 17 anos que est\u00e3o tendo aulas somente online com a professora B\u00e1rbara Zanatta, respons\u00e1vel pela organiza\u00e7\u00e3o desse evento que ser\u00e3o 8 mini cursos para o p\u00fablico que n\u00f3s atendemos.<br \/>\nOs profissionais convidados s\u00e3o do Rio de Janeiro, Tupi Paulista, Presidente Prudente, Limeira, Cambori\u00fa, Londrina, Campinas.<\/p>\n<p style=\"text-align: justify;\">O Workshop ser\u00e1 do dia 26 a 30 de abril.<\/p>\n<p style=\"text-align: justify;\">As aulas de dan\u00e7a s\u00e3o uma atividade f\u00edsica coletiva e de alta intensidade, desenvolve a capacidade aer\u00f3bica do aluno, melhorando suas condi\u00e7\u00f5es cardiorrespirat\u00f3rias e circulat\u00f3rias, prevenindo doen\u00e7as, melhora a capacidade f\u00edsica do indiv\u00edduo (for\u00e7a, resist\u00eancia, alongamento), melhora das capacidades motoras (coordena\u00e7\u00e3o, agilidade, ritmo, consci\u00eancia corporal), preven\u00e7\u00e3o e melhora de v\u00edcios posturais. A dan\u00e7a tamb\u00e9m infere diretamente em aspectos s\u00f3cio-afetivos como fazer amizades, sentir-se parte de um grupo, incorporar novos valores sociais, melhorar a capacidade de conviv\u00eancia, melhora da auto-estima e motiva\u00e7\u00e3o.<\/p>\n<p style=\"text-align: justify;\">@projvemdancardracena<br \/>\n@bazanatta14<\/p>\n","protected":false},"excerpt":{"rendered":"<p>Estamos promovendo o Workshop Semana da Dan\u00e7a em homenagem ao Dia Internacional da Dan\u00e7a (29 de abril) para as alunas do Projeto social Vem Dan\u00e7ar que ocorre na ASFA (Associa\u00e7\u00e3o S\u00e3o Francisco de Assis). O projeto conta com aproximadamente 70 alunas de 5 a 17 anos que est\u00e3o tendo aulas somente online com a professora [&hellip;]<\/p>\n","protected":false},"author":1,"featured_media":46572,"comment_status":"closed","ping_status":"open","sticky":false,"template":"","format":"standard","meta":{"footnotes":""},"categories":[111],"tags":[],"class_list":["post-46571","post","type-post","status-publish","format-standard","has-post-thumbnail","hentry","category-esporteecultura"],"_links":{"self":[{"href":"https:\/\/jorgezanoni.com.br\/2019\/wp-json\/wp\/v2\/posts\/46571","targetHints":{"allow":["GET"]}}],"collection":[{"href":"https:\/\/jorgezanoni.com.br\/2019\/wp-json\/wp\/v2\/posts"}],"about":[{"href":"https:\/\/jorgezanoni.com.br\/2019\/wp-json\/wp\/v2\/types\/post"}],"author":[{"embeddable":true,"href":"https:\/\/jorgezanoni.com.br\/2019\/wp-json\/wp\/v2\/users\/1"}],"replies":[{"embeddable":true,"href":"https:\/\/jorgezanoni.com.br\/2019\/wp-json\/wp\/v2\/comments?post=46571"}],"version-history":[{"count":0,"href":"https:\/\/jorgezanoni.com.br\/2019\/wp-json\/wp\/v2\/posts\/46571\/revisions"}],"wp:featuredmedia":[{"embeddable":true,"href":"https:\/\/jorgezanoni.com.br\/2019\/wp-json\/wp\/v2\/media\/46572"}],"wp:attachment":[{"href":"https:\/\/jorgezanoni.com.br\/2019\/wp-json\/wp\/v2\/media?parent=46571"}],"wp:term":[{"taxonomy":"category","embeddable":true,"href":"https:\/\/jorgezanoni.com.br\/2019\/wp-json\/wp\/v2\/categories?post=46571"},{"taxonomy":"post_tag","embeddable":true,"href":"https:\/\/jorgezanoni.com.br\/2019\/wp-json\/wp\/v2\/tags?post=46571"}],"curies":[{"name":"wp","href":"https:\/\/api.w.org\/{rel}","templated":true}]}}