{"id":46549,"date":"2021-04-21T14:15:33","date_gmt":"2021-04-21T14:15:33","guid":{"rendered":"https:\/\/jorgezanoni.com.br\/2019\/?p=46549"},"modified":"2021-04-21T14:15:33","modified_gmt":"2021-04-21T14:15:33","slug":"hoje-comemora-se-o-dia-de-tiradentes-2","status":"publish","type":"post","link":"https:\/\/jorgezanoni.com.br\/2019\/hoje-comemora-se-o-dia-de-tiradentes-2\/","title":{"rendered":"Hoje comemora-se o &#8220;Dia de Tiradentes&#8221;"},"content":{"rendered":"<p style=\"text-align: justify;\">O\u00a0<strong>Dia de Tiradentes<\/strong>\u00a0\u00e9 comemorado em\u00a0<strong>21 de abril<\/strong>, e \u00e9 considerado um\u00a0<strong>feriado nacional<\/strong>\u00a0no Brasil.<\/p>\n<p style=\"text-align: justify;\">Esta data homenageia a figura do her\u00f3i nacional\u00a0<strong>Joaquim<\/strong>\u00a0<strong>Jos\u00e9 da Silva Xavier<\/strong>, popularmente conhecido por \u201cTiradentes\u201d (refer\u00eancia ao seu of\u00edcio de dentista).<\/p>\n<p style=\"text-align: justify;\">O feriado 21 de abril \u00e9 importante porque Tiradentes, que foi morto nessa data em 1792, \u00e9 considerado um brasileiro que lutou pela independ\u00eancia de Minas Gerais do dom\u00ednio portugu\u00eas.<\/p>\n<h2 style=\"text-align: justify;\">Quem foi Tiradentes?<\/h2>\n<p style=\"text-align: justify;\">Tiradentes nasceu em 12 de novembro de 1746 na fazenda de Pombal, entre as cidades hoje chamadas de Tiradentes e S\u00e3o Jo\u00e3o del Rei, em Minas Gerais.<\/p>\n<p style=\"text-align: justify;\">Ele foi um dentista, comerciante, minerador, militar e ativista pol\u00edtico brasileiro, e atuava na \u00e9poca do Brasil Colonial nas capitanias de Minas Gerais e Rio de Janeiro.<\/p>\n<p style=\"text-align: justify;\">Joaquim Jos\u00e9 da Silva Xavier foi um participante da Inconfid\u00eancia Mineira, um dos principais movimento contra o dom\u00ednio portugu\u00eas exercido por governadores nomeados no territ\u00f3rio. Na Capitania de Minas Gerais, a conspira\u00e7\u00e3o visava retirar o poder do Visconde de Barbacena.<\/p>\n<p style=\"text-align: justify;\">Por ser um dos principais articuladores do movimento revolucion\u00e1rio, ao viajar para o Rio de Janeiro Tiradentes foi capturado em 10 de maio de 1789 e condenado por trai\u00e7\u00e3o \u00e0 coroa portuguesa quando a conspira\u00e7\u00e3o foi descoberta.<\/p>\n<h3 style=\"text-align: justify;\">A morte de Tiradentes<\/h3>\n<p style=\"text-align: justify;\">Tiradentes foi enforcado e posteriormente esquartejado, no Rio de Janeiro, em\u00a0<strong>21 de abril de 1792<\/strong>.<\/p>\n<p style=\"text-align: justify;\"><img loading=\"lazy\" decoding=\"async\" src=\"https:\/\/s.calendarr.com\/upload\/datas\/ti\/ra\/tiradentes-quadro_c.jpg\" alt=\"Dia de Tiradentes\" width=\"655\" height=\"384\" \/><\/p>\n<p style=\"text-align: justify;\">Partes de seu corpo foram expostos nos principais centros urbanos do Rio de Janeiro e Minas Gerais. A sua casa foi queimada, o terreno salgado e todos os seus bens confiscados.<\/p>\n<p style=\"text-align: justify;\">A pris\u00e3o onde foi encarcerado \u00e9 a atual sede da Assembleia estadual do Rio de Janeiro e recebe o nome de Pal\u00e1cio Tiradentes. Igualmente, a cidade onde nasceu mudou de nome e passou a se chamar Tiradentes.<\/p>\n<h2 style=\"text-align: justify;\">O que se comemora em 21 de abril?<\/h2>\n<p style=\"text-align: justify;\">Tiradentes foi reconhecido como her\u00f3i nacional e um m\u00e1rtir da\u00a0<strong>Inconfid\u00eancia Mineira<\/strong>, quando a Rep\u00fablica brasileira foi instalada atrav\u00e9s de um golpe em 15 de novembro de 1889.<\/p>\n<p style=\"text-align: justify;\">Um dos primeiros atos do novo governo foi transformar a data em que ele foi executado, 21 de abril, em uma festa c\u00edvica a ser celebrada nos quart\u00e9is.<\/p>\n<p style=\"text-align: justify;\">Tiradentes \u00e9 considerado um grande l\u00edder por ter lutado por seu povo e seus ideais, apesar de ser o mais humilde entre todos os membros do movimento, Tiradentes foi quem assumiu as maiores responsabilidades.<\/p>\n<h2 style=\"text-align: justify;\">Origem do Feriado de Tiradentes<\/h2>\n<p style=\"text-align: justify;\">No ano de 1789, uma parte da popula\u00e7\u00e3o de Minas Gerais fez uma tentativa de revolta separatista contra o dom\u00ednio dos portugueses no Brasil. Tiradentes foi ativista desse movimento e o \u00fanico condenado \u00e0 morte por enforcamento.<\/p>\n<p style=\"text-align: justify;\">Por este motivo, as suas a\u00e7\u00f5es s\u00e3o reconhecidas como atos heroicos que lhe garantiram o status de importante figura hist\u00f3rica brasileira.<\/p>\n<p style=\"text-align: justify;\">O feriado foi estabelecido pela\u00a0<strong>Lei N\u00ba 4.897, de 9 de dezembro de 1965\u00a0<\/strong>durante o governo do presidente Castelo Branco.<\/p>\n<p style=\"text-align: justify;\">O nome de Tiradentes est\u00e1 escrito no Pante\u00e3o da P\u00e1tria e da Liberdade Brasileiro (conhecido como o \u201cLivro dos Her\u00f3is da P\u00e1tria\u201d) desde 21 de abril de 1992.<\/p>\n<h2 style=\"text-align: justify;\">Curiosidade<\/h2>\n<p style=\"text-align: justify;\">Durante a ditadura militar brasileira (1864-1985), Tiradentes foi retratado como barba e cabelos compridos para se assemelhar a Jesus Cristo. Mas \u00e9 prov\u00e1vel que tivesse a cabe\u00e7a raspada e o rosto barbeado, como era comum fazer para evitar os piolhos entre os prisioneiros.<\/p>\n<p style=\"text-align: justify;\">Fonte: https:\/\/www.calendarr.com\/brasil\/tiradentes\/<\/p>\n<p>&nbsp;<\/p>\n","protected":false},"excerpt":{"rendered":"<p>O\u00a0Dia de Tiradentes\u00a0\u00e9 comemorado em\u00a021 de abril, e \u00e9 considerado um\u00a0feriado nacional\u00a0no Brasil. Esta data homenageia a figura do her\u00f3i nacional\u00a0Joaquim\u00a0Jos\u00e9 da Silva Xavier, popularmente conhecido por \u201cTiradentes\u201d (refer\u00eancia ao seu of\u00edcio de dentista). O feriado 21 de abril \u00e9 importante porque Tiradentes, que foi morto nessa data em 1792, \u00e9 considerado um brasileiro que [&hellip;]<\/p>\n","protected":false},"author":1,"featured_media":46550,"comment_status":"closed","ping_status":"open","sticky":false,"template":"","format":"standard","meta":{"footnotes":""},"categories":[114,110],"tags":[],"class_list":["post-46549","post","type-post","status-publish","format-standard","has-post-thumbnail","hentry","category-geralecomercio","category-noticiasdestaque"],"_links":{"self":[{"href":"https:\/\/jorgezanoni.com.br\/2019\/wp-json\/wp\/v2\/posts\/46549","targetHints":{"allow":["GET"]}}],"collection":[{"href":"https:\/\/jorgezanoni.com.br\/2019\/wp-json\/wp\/v2\/posts"}],"about":[{"href":"https:\/\/jorgezanoni.com.br\/2019\/wp-json\/wp\/v2\/types\/post"}],"author":[{"embeddable":true,"href":"https:\/\/jorgezanoni.com.br\/2019\/wp-json\/wp\/v2\/users\/1"}],"replies":[{"embeddable":true,"href":"https:\/\/jorgezanoni.com.br\/2019\/wp-json\/wp\/v2\/comments?post=46549"}],"version-history":[{"count":0,"href":"https:\/\/jorgezanoni.com.br\/2019\/wp-json\/wp\/v2\/posts\/46549\/revisions"}],"wp:featuredmedia":[{"embeddable":true,"href":"https:\/\/jorgezanoni.com.br\/2019\/wp-json\/wp\/v2\/media\/46550"}],"wp:attachment":[{"href":"https:\/\/jorgezanoni.com.br\/2019\/wp-json\/wp\/v2\/media?parent=46549"}],"wp:term":[{"taxonomy":"category","embeddable":true,"href":"https:\/\/jorgezanoni.com.br\/2019\/wp-json\/wp\/v2\/categories?post=46549"},{"taxonomy":"post_tag","embeddable":true,"href":"https:\/\/jorgezanoni.com.br\/2019\/wp-json\/wp\/v2\/tags?post=46549"}],"curies":[{"name":"wp","href":"https:\/\/api.w.org\/{rel}","templated":true}]}}