{"id":46546,"date":"2021-04-21T13:24:00","date_gmt":"2021-04-21T13:24:00","guid":{"rendered":"https:\/\/jorgezanoni.com.br\/2019\/?p=46546"},"modified":"2021-04-21T13:24:00","modified_gmt":"2021-04-21T13:24:00","slug":"convite-para-missa-de-setimo-dia-de-falecimento","status":"publish","type":"post","link":"https:\/\/jorgezanoni.com.br\/2019\/convite-para-missa-de-setimo-dia-de-falecimento\/","title":{"rendered":"Convite para Missa de S\u00e9timo Dia de Falecimento"},"content":{"rendered":"<p style=\"text-align: justify;\">A fam\u00edlia de Antonio Penha Granado convida parentes e amigos para participarem da Missa de S\u00e9timo Dia que ser\u00e1 celebrada em inten\u00e7\u00e3o \u00e0 sua alma, nesta quarta-feira (21), \u00e0s 19:00 Horas, na Igreja Matriz Nossa Senhora Aparecida de Dracena.<\/p>\n<p style=\"text-align: justify;\">Por este ato de F\u00e9, a fam\u00edlia antecipadamente agradece.<\/p>\n<p>&nbsp;<\/p>\n","protected":false},"excerpt":{"rendered":"<p>A fam\u00edlia de Antonio Penha Granado convida parentes e amigos para participarem da Missa de S\u00e9timo Dia que ser\u00e1 celebrada em inten\u00e7\u00e3o \u00e0 sua alma, nesta quarta-feira (21), \u00e0s 19:00 Horas, na Igreja Matriz Nossa Senhora Aparecida de Dracena. Por este ato de F\u00e9, a fam\u00edlia antecipadamente agradece. &nbsp;<\/p>\n","protected":false},"author":1,"featured_media":46547,"comment_status":"closed","ping_status":"open","sticky":false,"template":"","format":"standard","meta":{"footnotes":""},"categories":[178,110],"tags":[],"class_list":["post-46546","post","type-post","status-publish","format-standard","has-post-thumbnail","hentry","category-notadefalecimento","category-noticiasdestaque"],"_links":{"self":[{"href":"https:\/\/jorgezanoni.com.br\/2019\/wp-json\/wp\/v2\/posts\/46546","targetHints":{"allow":["GET"]}}],"collection":[{"href":"https:\/\/jorgezanoni.com.br\/2019\/wp-json\/wp\/v2\/posts"}],"about":[{"href":"https:\/\/jorgezanoni.com.br\/2019\/wp-json\/wp\/v2\/types\/post"}],"author":[{"embeddable":true,"href":"https:\/\/jorgezanoni.com.br\/2019\/wp-json\/wp\/v2\/users\/1"}],"replies":[{"embeddable":true,"href":"https:\/\/jorgezanoni.com.br\/2019\/wp-json\/wp\/v2\/comments?post=46546"}],"version-history":[{"count":0,"href":"https:\/\/jorgezanoni.com.br\/2019\/wp-json\/wp\/v2\/posts\/46546\/revisions"}],"wp:featuredmedia":[{"embeddable":true,"href":"https:\/\/jorgezanoni.com.br\/2019\/wp-json\/wp\/v2\/media\/46547"}],"wp:attachment":[{"href":"https:\/\/jorgezanoni.com.br\/2019\/wp-json\/wp\/v2\/media?parent=46546"}],"wp:term":[{"taxonomy":"category","embeddable":true,"href":"https:\/\/jorgezanoni.com.br\/2019\/wp-json\/wp\/v2\/categories?post=46546"},{"taxonomy":"post_tag","embeddable":true,"href":"https:\/\/jorgezanoni.com.br\/2019\/wp-json\/wp\/v2\/tags?post=46546"}],"curies":[{"name":"wp","href":"https:\/\/api.w.org\/{rel}","templated":true}]}}