{"id":46531,"date":"2021-04-21T12:12:59","date_gmt":"2021-04-21T12:12:59","guid":{"rendered":"https:\/\/jorgezanoni.com.br\/2019\/?p=46531"},"modified":"2021-04-21T12:12:59","modified_gmt":"2021-04-21T12:12:59","slug":"morre-rogerio-de-nascimento-zolim-comerciante-do-ramo-de-veiculos","status":"publish","type":"post","link":"https:\/\/jorgezanoni.com.br\/2019\/morre-rogerio-de-nascimento-zolim-comerciante-do-ramo-de-veiculos\/","title":{"rendered":"Morre Rog\u00e9rio de Nascimento Zolim comerciante do ramo de ve\u00edculos"},"content":{"rendered":"<p style=\"text-align: justify;\">Comunicamos com pesar o falecimento de Rog\u00e9rio de Nascimento Zolim de 49 Anos. Ele estava internado em tratamento de complica\u00e7\u00f5es da COVID na Santa Casa de Dracena.<\/p>\n<p style=\"text-align: justify;\">Por muitos atuou no ramo de comercializa\u00e7\u00e3o de ve\u00edculos sendo propriet\u00e1rio de garagens em Dracena.<\/p>\n<p style=\"text-align: justify;\">Deixa esposa, filhas, irm\u00e3os, sobrinhos, demais familiares e amigos.<\/p>\n<p style=\"text-align: justify;\">A despedida ocorre hoje (21) \u00e0s 9 Hs. no Cemit\u00e9rio Municipal de Dracena.<\/p>\n<p>O Site JZ se solidariza com a fam\u00edlia e amigos neste dif\u00edcil momento.<\/p>\n<p><img loading=\"lazy\" decoding=\"async\" class=\"alignnone size-full wp-image-46532\" src=\"https:\/\/jorgezanoni.com.br\/2019\/wp-content\/uploads\/2021\/04\/Rogerio.jpg\" alt=\"\" width=\"1280\" height=\"1279\" srcset=\"https:\/\/jorgezanoni.com.br\/2019\/wp-content\/uploads\/2021\/04\/Rogerio.jpg 1280w, https:\/\/jorgezanoni.com.br\/2019\/wp-content\/uploads\/2021\/04\/Rogerio-300x300.jpg 300w, https:\/\/jorgezanoni.com.br\/2019\/wp-content\/uploads\/2021\/04\/Rogerio-1024x1024.jpg 1024w, https:\/\/jorgezanoni.com.br\/2019\/wp-content\/uploads\/2021\/04\/Rogerio-150x150.jpg 150w, https:\/\/jorgezanoni.com.br\/2019\/wp-content\/uploads\/2021\/04\/Rogerio-768x767.jpg 768w, https:\/\/jorgezanoni.com.br\/2019\/wp-content\/uploads\/2021\/04\/Rogerio-696x695.jpg 696w, https:\/\/jorgezanoni.com.br\/2019\/wp-content\/uploads\/2021\/04\/Rogerio-1068x1067.jpg 1068w, https:\/\/jorgezanoni.com.br\/2019\/wp-content\/uploads\/2021\/04\/Rogerio-420x420.jpg 420w\" sizes=\"auto, (max-width: 1280px) 100vw, 1280px\" \/><\/p>\n","protected":false},"excerpt":{"rendered":"<p>Comunicamos com pesar o falecimento de Rog\u00e9rio de Nascimento Zolim de 49 Anos. Ele estava internado em tratamento de complica\u00e7\u00f5es da COVID na Santa Casa de Dracena. Por muitos atuou no ramo de comercializa\u00e7\u00e3o de ve\u00edculos sendo propriet\u00e1rio de garagens em Dracena. Deixa esposa, filhas, irm\u00e3os, sobrinhos, demais familiares e amigos. A despedida ocorre hoje [&hellip;]<\/p>\n","protected":false},"author":1,"featured_media":46533,"comment_status":"closed","ping_status":"open","sticky":false,"template":"","format":"standard","meta":{"footnotes":""},"categories":[178,110],"tags":[],"class_list":["post-46531","post","type-post","status-publish","format-standard","has-post-thumbnail","hentry","category-notadefalecimento","category-noticiasdestaque"],"_links":{"self":[{"href":"https:\/\/jorgezanoni.com.br\/2019\/wp-json\/wp\/v2\/posts\/46531","targetHints":{"allow":["GET"]}}],"collection":[{"href":"https:\/\/jorgezanoni.com.br\/2019\/wp-json\/wp\/v2\/posts"}],"about":[{"href":"https:\/\/jorgezanoni.com.br\/2019\/wp-json\/wp\/v2\/types\/post"}],"author":[{"embeddable":true,"href":"https:\/\/jorgezanoni.com.br\/2019\/wp-json\/wp\/v2\/users\/1"}],"replies":[{"embeddable":true,"href":"https:\/\/jorgezanoni.com.br\/2019\/wp-json\/wp\/v2\/comments?post=46531"}],"version-history":[{"count":0,"href":"https:\/\/jorgezanoni.com.br\/2019\/wp-json\/wp\/v2\/posts\/46531\/revisions"}],"wp:featuredmedia":[{"embeddable":true,"href":"https:\/\/jorgezanoni.com.br\/2019\/wp-json\/wp\/v2\/media\/46533"}],"wp:attachment":[{"href":"https:\/\/jorgezanoni.com.br\/2019\/wp-json\/wp\/v2\/media?parent=46531"}],"wp:term":[{"taxonomy":"category","embeddable":true,"href":"https:\/\/jorgezanoni.com.br\/2019\/wp-json\/wp\/v2\/categories?post=46531"},{"taxonomy":"post_tag","embeddable":true,"href":"https:\/\/jorgezanoni.com.br\/2019\/wp-json\/wp\/v2\/tags?post=46531"}],"curies":[{"name":"wp","href":"https:\/\/api.w.org\/{rel}","templated":true}]}}