{"id":46525,"date":"2021-04-21T00:40:09","date_gmt":"2021-04-21T00:40:09","guid":{"rendered":"https:\/\/jorgezanoni.com.br\/2019\/?p=46525"},"modified":"2021-04-21T00:40:09","modified_gmt":"2021-04-21T00:40:09","slug":"acidente-com-vitima-fatal-na-sp-294-em-florida-paulista","status":"publish","type":"post","link":"https:\/\/jorgezanoni.com.br\/2019\/acidente-com-vitima-fatal-na-sp-294-em-florida-paulista\/","title":{"rendered":"Acidente com vitima fatal na SP-294 em Fl\u00f3rida Paulista"},"content":{"rendered":"<p style=\"text-align: justify;\">Acidente ocorreu \u00e0s 20:05 Horas no Km. 611+400 metros da Rodovia Comandante Jo\u00e3o Ribeiro de Barros no munic\u00edpio de Fl\u00f3rida Paulista.<\/p>\n<p style=\"text-align: justify;\">Conforme a Pol\u00edcia Militar Base Operacional de Adamantina, um autom\u00f3vel HB20, ocupado apenas pelo condutor, com placas de Fl\u00f3rida Paulista\/SP, seguia o itiner\u00e1rio Pacaembu a Adamantina, momento em que colidiu na traseira do caminh\u00e3o, o qual era ocupado somente pelo condutor que nada sofreu, sendo com placas tamb\u00e9m de Fl\u00f3rida Paulista\/SP, resultando em v\u00edtima fatal no local (condutor do autom\u00f3vel HB20).<br \/>\nO tr\u00e2nsito flui normalmente, com a faixa adicional sendo ocupada pelos ve\u00edculos acidentados.<\/p>\n<p style=\"text-align: justify;\">A ocorr\u00eancia est\u00e1 sendo atendida na \u00e1rea do Policiamento Rodovi\u00e1rio.<\/p>\n<p><img loading=\"lazy\" decoding=\"async\" class=\"alignnone size-full wp-image-46526\" src=\"https:\/\/jorgezanoni.com.br\/2019\/wp-content\/uploads\/2021\/04\/ACIDE.jpg\" alt=\"\" width=\"720\" height=\"1280\" srcset=\"https:\/\/jorgezanoni.com.br\/2019\/wp-content\/uploads\/2021\/04\/ACIDE.jpg 720w, https:\/\/jorgezanoni.com.br\/2019\/wp-content\/uploads\/2021\/04\/ACIDE-169x300.jpg 169w, https:\/\/jorgezanoni.com.br\/2019\/wp-content\/uploads\/2021\/04\/ACIDE-576x1024.jpg 576w, https:\/\/jorgezanoni.com.br\/2019\/wp-content\/uploads\/2021\/04\/ACIDE-696x1237.jpg 696w, https:\/\/jorgezanoni.com.br\/2019\/wp-content\/uploads\/2021\/04\/ACIDE-236x420.jpg 236w\" sizes=\"auto, (max-width: 720px) 100vw, 720px\" \/>Fotos Pol\u00edcia Militar Rodovi\u00e1ria\/cedida<\/p>\n<p>&nbsp;<\/p>\n","protected":false},"excerpt":{"rendered":"<p>Acidente ocorreu \u00e0s 20:05 Horas no Km. 611+400 metros da Rodovia Comandante Jo\u00e3o Ribeiro de Barros no munic\u00edpio de Fl\u00f3rida Paulista. Conforme a Pol\u00edcia Militar Base Operacional de Adamantina, um autom\u00f3vel HB20, ocupado apenas pelo condutor, com placas de Fl\u00f3rida Paulista\/SP, seguia o itiner\u00e1rio Pacaembu a Adamantina, momento em que colidiu na traseira do caminh\u00e3o, [&hellip;]<\/p>\n","protected":false},"author":1,"featured_media":46527,"comment_status":"closed","ping_status":"open","sticky":false,"template":"","format":"standard","meta":{"footnotes":""},"categories":[170,110],"tags":[],"class_list":["post-46525","post","type-post","status-publish","format-standard","has-post-thumbnail","hentry","category-acidentes","category-noticiasdestaque"],"_links":{"self":[{"href":"https:\/\/jorgezanoni.com.br\/2019\/wp-json\/wp\/v2\/posts\/46525","targetHints":{"allow":["GET"]}}],"collection":[{"href":"https:\/\/jorgezanoni.com.br\/2019\/wp-json\/wp\/v2\/posts"}],"about":[{"href":"https:\/\/jorgezanoni.com.br\/2019\/wp-json\/wp\/v2\/types\/post"}],"author":[{"embeddable":true,"href":"https:\/\/jorgezanoni.com.br\/2019\/wp-json\/wp\/v2\/users\/1"}],"replies":[{"embeddable":true,"href":"https:\/\/jorgezanoni.com.br\/2019\/wp-json\/wp\/v2\/comments?post=46525"}],"version-history":[{"count":0,"href":"https:\/\/jorgezanoni.com.br\/2019\/wp-json\/wp\/v2\/posts\/46525\/revisions"}],"wp:featuredmedia":[{"embeddable":true,"href":"https:\/\/jorgezanoni.com.br\/2019\/wp-json\/wp\/v2\/media\/46527"}],"wp:attachment":[{"href":"https:\/\/jorgezanoni.com.br\/2019\/wp-json\/wp\/v2\/media?parent=46525"}],"wp:term":[{"taxonomy":"category","embeddable":true,"href":"https:\/\/jorgezanoni.com.br\/2019\/wp-json\/wp\/v2\/categories?post=46525"},{"taxonomy":"post_tag","embeddable":true,"href":"https:\/\/jorgezanoni.com.br\/2019\/wp-json\/wp\/v2\/tags?post=46525"}],"curies":[{"name":"wp","href":"https:\/\/api.w.org\/{rel}","templated":true}]}}