{"id":46520,"date":"2021-04-21T00:08:32","date_gmt":"2021-04-21T00:08:32","guid":{"rendered":"https:\/\/jorgezanoni.com.br\/2019\/?p=46520"},"modified":"2021-04-21T00:08:32","modified_gmt":"2021-04-21T00:08:32","slug":"policia-civil-prende-dracenense-que-estava-morando-em-osvaldo-cruz-por-crime-suspeito-de-pedofilia","status":"publish","type":"post","link":"https:\/\/jorgezanoni.com.br\/2019\/policia-civil-prende-dracenense-que-estava-morando-em-osvaldo-cruz-por-crime-suspeito-de-pedofilia\/","title":{"rendered":"Pol\u00edcia Civil prende dracenense que estava morando em Osvaldo Cruz por crime suspeito de Pedofil\u00eda"},"content":{"rendered":"<p style=\"text-align: justify;\"><strong>ABUSO CONTRA CRIAN\u00c7A: POL\u00cdCIA CIVIL CUMPRE MANDADO DE PRIS\u00c3O PREVENTIVA CONTRA HOMEM SUSPEITO DE PEDOFILIA.<\/strong><\/p>\n<p style=\"text-align: justify;\">A pris\u00e3o ocorreu na cidade de Osvaldo Cruz. De acordo com DDM de Dracena, duas crian\u00e7as nos \u00faltimos meses relataram aos seus respons\u00e1veis sobre os abusos sofridos.<\/p>\n<p style=\"text-align: justify;\">\nA Pol\u00edcia Civil, por interm\u00e9dio da Delegacia de Defesa da Mulher de Dracena, com apoio operacional do Grupo de Opera\u00e7\u00f5es Especiais, cumpriu um mandado pris\u00e3o preventiva nesta ter\u00e7a-feira (20), contra um homem de 35 anos, suspeito de praticar abuso sexual em crian\u00e7as em Dracena. A pris\u00e3o aconteceu na cidade de Osvaldo Cruz, local em que o suspeito atualmente reside e trabalha.<\/p>\n<p style=\"text-align: justify;\">Os boletins de ocorr\u00eancia denunciando o crime de abuso foram registrados na Delegacia de Defesa da Mulher, em Dracena, local onde os respons\u00e1veis pelas crian\u00e7as procuraram a unidade policial, para formalizarem a den\u00fancia.<\/p>\n<p style=\"text-align: justify;\">Ap\u00f3s ouvir os relatos dos pais e tamb\u00e9m das menores em escuta especializada, que \u00e9 promovida na presen\u00e7a de um psic\u00f3logo, foi instaurado inqu\u00e9rito policial e representado o mandado de pris\u00e3o preventiva e de busca e apreens\u00e3o, os quais foram deferidos pelo juiz da 2\u00aa Vara de Dracena.<\/p>\n<p style=\"text-align: justify;\">Nesta manh\u00e3 (20), policiais da Delegacia de Defesa da Mulher de Dracena, com apoio operacional do Grupo de Opera\u00e7\u00f5es Especiais, se deslocaram para cidade de Osvaldo Cruz, onde o suspeito possui resid\u00eancia e trabalha como oficial administrativo. As diligencias, no munic\u00edpio de Osvaldo Cruz, contaram ainda com o apoio de policiais da DDM de Osvaldo Cruz e da Delegacia de Pol\u00edcia daquele munic\u00edpio.<\/p>\n<p style=\"text-align: justify;\">Foram cumpridas duas buscas domiciliares e apreendidos dois computadores, tr\u00eas celulares e cart\u00e3o de mem\u00f3ria. A pris\u00e3o do suspeito ocorreu em seu local de trabalho, o homem n\u00e3o reagiu a ordem de pris\u00e3o e manifestou o seu direito constitucional ao sil\u00eancio.<\/p>\n<p style=\"text-align: justify;\">Ap\u00f3s a realiza\u00e7\u00e3o dos procedimentos de pol\u00edcia judici\u00e1ria, o homem foi conduzido para uma unidade prisional, onde se encontra \u00e0 disposi\u00e7\u00e3o da Justi\u00e7a.<\/p>\n<p style=\"text-align: justify;\">Den\u00fancias an\u00f4nimas e informa\u00e7\u00f5es sobre casos de Abuso Sexual Contra a Crian\u00e7a e Adolescente podem ser feitas pelo Disque Den\u00fancia 100 (Servi\u00e7o de Prote\u00e7\u00e3o de Crian\u00e7as e Adolescentes com foco em Viol\u00eancia Sexual) e, pelo fone (18) 3821 4240, da Delegacia de Defesa da Mulher (DDM). O sigilo e o anonimato s\u00e3o garantidos.<\/p>\n<p><img loading=\"lazy\" decoding=\"async\" class=\"alignnone size-full wp-image-46522\" src=\"https:\/\/jorgezanoni.com.br\/2019\/wp-content\/uploads\/2021\/04\/oc1.jpg\" alt=\"\" width=\"1265\" height=\"700\" srcset=\"https:\/\/jorgezanoni.com.br\/2019\/wp-content\/uploads\/2021\/04\/oc1.jpg 1265w, https:\/\/jorgezanoni.com.br\/2019\/wp-content\/uploads\/2021\/04\/oc1-300x166.jpg 300w, https:\/\/jorgezanoni.com.br\/2019\/wp-content\/uploads\/2021\/04\/oc1-1024x567.jpg 1024w, https:\/\/jorgezanoni.com.br\/2019\/wp-content\/uploads\/2021\/04\/oc1-768x425.jpg 768w, https:\/\/jorgezanoni.com.br\/2019\/wp-content\/uploads\/2021\/04\/oc1-696x385.jpg 696w, https:\/\/jorgezanoni.com.br\/2019\/wp-content\/uploads\/2021\/04\/oc1-1068x591.jpg 1068w, https:\/\/jorgezanoni.com.br\/2019\/wp-content\/uploads\/2021\/04\/oc1-759x420.jpg 759w\" sizes=\"auto, (max-width: 1265px) 100vw, 1265px\" \/>Fonte: Com. Social Pol\u00edcia Civil<\/p>\n","protected":false},"excerpt":{"rendered":"<p>ABUSO CONTRA CRIAN\u00c7A: POL\u00cdCIA CIVIL CUMPRE MANDADO DE PRIS\u00c3O PREVENTIVA CONTRA HOMEM SUSPEITO DE PEDOFILIA. A pris\u00e3o ocorreu na cidade de Osvaldo Cruz. De acordo com DDM de Dracena, duas crian\u00e7as nos \u00faltimos meses relataram aos seus respons\u00e1veis sobre os abusos sofridos. A Pol\u00edcia Civil, por interm\u00e9dio da Delegacia de Defesa da Mulher de Dracena, [&hellip;]<\/p>\n","protected":false},"author":1,"featured_media":46521,"comment_status":"closed","ping_status":"open","sticky":false,"template":"","format":"standard","meta":{"footnotes":""},"categories":[110,2],"tags":[],"class_list":["post-46520","post","type-post","status-publish","format-standard","has-post-thumbnail","hentry","category-noticiasdestaque","category-policial"],"_links":{"self":[{"href":"https:\/\/jorgezanoni.com.br\/2019\/wp-json\/wp\/v2\/posts\/46520","targetHints":{"allow":["GET"]}}],"collection":[{"href":"https:\/\/jorgezanoni.com.br\/2019\/wp-json\/wp\/v2\/posts"}],"about":[{"href":"https:\/\/jorgezanoni.com.br\/2019\/wp-json\/wp\/v2\/types\/post"}],"author":[{"embeddable":true,"href":"https:\/\/jorgezanoni.com.br\/2019\/wp-json\/wp\/v2\/users\/1"}],"replies":[{"embeddable":true,"href":"https:\/\/jorgezanoni.com.br\/2019\/wp-json\/wp\/v2\/comments?post=46520"}],"version-history":[{"count":0,"href":"https:\/\/jorgezanoni.com.br\/2019\/wp-json\/wp\/v2\/posts\/46520\/revisions"}],"wp:featuredmedia":[{"embeddable":true,"href":"https:\/\/jorgezanoni.com.br\/2019\/wp-json\/wp\/v2\/media\/46521"}],"wp:attachment":[{"href":"https:\/\/jorgezanoni.com.br\/2019\/wp-json\/wp\/v2\/media?parent=46520"}],"wp:term":[{"taxonomy":"category","embeddable":true,"href":"https:\/\/jorgezanoni.com.br\/2019\/wp-json\/wp\/v2\/categories?post=46520"},{"taxonomy":"post_tag","embeddable":true,"href":"https:\/\/jorgezanoni.com.br\/2019\/wp-json\/wp\/v2\/tags?post=46520"}],"curies":[{"name":"wp","href":"https:\/\/api.w.org\/{rel}","templated":true}]}}