{"id":46517,"date":"2021-04-20T23:46:43","date_gmt":"2021-04-20T23:46:43","guid":{"rendered":"https:\/\/jorgezanoni.com.br\/2019\/?p=46517"},"modified":"2021-04-20T23:46:43","modified_gmt":"2021-04-20T23:46:43","slug":"boletim-atualizado-da-covid-19-da-secretaria-municipal-de-saude-de-dracena-20-04-21","status":"publish","type":"post","link":"https:\/\/jorgezanoni.com.br\/2019\/boletim-atualizado-da-covid-19-da-secretaria-municipal-de-saude-de-dracena-20-04-21\/","title":{"rendered":"Boletim atualizado da COVID-19 da Secretaria Municipal de Sa\u00fade de Dracena 20\/04\/21"},"content":{"rendered":"<div class=\"kvgmc6g5 cxmmr5t8 oygrvhab hcukyx3x c1et5uql ii04i59q\">\n<div dir=\"auto\">Boletim epidemiol\u00f3gico covid 19<\/div>\n<div dir=\"auto\">ter\u00e7a -feira, 20 de abril<\/div>\n<\/div>\n<div class=\"o9v6fnle cxmmr5t8 oygrvhab hcukyx3x c1et5uql ii04i59q\">\n<div dir=\"auto\">Suspeitos: 22<\/div>\n<div dir=\"auto\">Suspeitos domiciliar: 22<\/div>\n<div dir=\"auto\">Suspeitos hospitalar: 0<\/div>\n<\/div>\n<div class=\"o9v6fnle cxmmr5t8 oygrvhab hcukyx3x c1et5uql ii04i59q\">\n<div dir=\"auto\">Confirmados: 4.207<\/div>\n<div dir=\"auto\">Curados: 3908<\/div>\n<div dir=\"auto\">Isolamento domiciliar: 104<\/div>\n<div dir=\"auto\">Tratamento hospitalar: 8<\/div>\n<div dir=\"auto\">\u00d3bitos: 187<\/div>\n<\/div>\n<div class=\"o9v6fnle cxmmr5t8 oygrvhab hcukyx3x c1et5uql ii04i59q\">\n<div dir=\"auto\">ALERTA<\/div>\n<div dir=\"auto\">\u00daltimas 24h, 21 novos casos<\/div>\n<div dir=\"auto\">\u00daltimas 24h, 12 curados<\/div>\n<\/div>\n","protected":false},"excerpt":{"rendered":"<p>Boletim epidemiol\u00f3gico covid 19 ter\u00e7a -feira, 20 de abril Suspeitos: 22 Suspeitos domiciliar: 22 Suspeitos hospitalar: 0 Confirmados: 4.207 Curados: 3908 Isolamento domiciliar: 104 Tratamento hospitalar: 8 \u00d3bitos: 187 ALERTA \u00daltimas 24h, 21 novos casos \u00daltimas 24h, 12 curados<\/p>\n","protected":false},"author":1,"featured_media":46518,"comment_status":"closed","ping_status":"open","sticky":false,"template":"","format":"standard","meta":{"footnotes":""},"categories":[179,184,110],"tags":[],"class_list":["post-46517","post","type-post","status-publish","format-standard","has-post-thumbnail","hentry","category-cidadeseregiao","category-dracena","category-noticiasdestaque"],"_links":{"self":[{"href":"https:\/\/jorgezanoni.com.br\/2019\/wp-json\/wp\/v2\/posts\/46517","targetHints":{"allow":["GET"]}}],"collection":[{"href":"https:\/\/jorgezanoni.com.br\/2019\/wp-json\/wp\/v2\/posts"}],"about":[{"href":"https:\/\/jorgezanoni.com.br\/2019\/wp-json\/wp\/v2\/types\/post"}],"author":[{"embeddable":true,"href":"https:\/\/jorgezanoni.com.br\/2019\/wp-json\/wp\/v2\/users\/1"}],"replies":[{"embeddable":true,"href":"https:\/\/jorgezanoni.com.br\/2019\/wp-json\/wp\/v2\/comments?post=46517"}],"version-history":[{"count":0,"href":"https:\/\/jorgezanoni.com.br\/2019\/wp-json\/wp\/v2\/posts\/46517\/revisions"}],"wp:featuredmedia":[{"embeddable":true,"href":"https:\/\/jorgezanoni.com.br\/2019\/wp-json\/wp\/v2\/media\/46518"}],"wp:attachment":[{"href":"https:\/\/jorgezanoni.com.br\/2019\/wp-json\/wp\/v2\/media?parent=46517"}],"wp:term":[{"taxonomy":"category","embeddable":true,"href":"https:\/\/jorgezanoni.com.br\/2019\/wp-json\/wp\/v2\/categories?post=46517"},{"taxonomy":"post_tag","embeddable":true,"href":"https:\/\/jorgezanoni.com.br\/2019\/wp-json\/wp\/v2\/tags?post=46517"}],"curies":[{"name":"wp","href":"https:\/\/api.w.org\/{rel}","templated":true}]}}