{"id":46510,"date":"2021-04-20T21:02:21","date_gmt":"2021-04-20T21:02:21","guid":{"rendered":"https:\/\/jorgezanoni.com.br\/2019\/?p=46510"},"modified":"2021-04-20T21:02:21","modified_gmt":"2021-04-20T21:02:21","slug":"e-agora-jose-por-vladimir-de-mattos","status":"publish","type":"post","link":"https:\/\/jorgezanoni.com.br\/2019\/e-agora-jose-por-vladimir-de-mattos\/","title":{"rendered":"E agora, Jos\u00e9? (por Vladimir de Mattos)"},"content":{"rendered":"<p><strong>E AGORA, JOS\u00c9?<\/strong><\/p>\n<p style=\"text-align: justify;\">Em meio a tantas l\u00e1grimas causadas por inestim\u00e1veis e dolorosas perdas de amigos e entes queridos, uma pausa reflexiva com um poema de Carlos Drummond de Andrade&#8230;<\/p>\n<p style=\"text-align: justify;\">\u201cE agora, Jos\u00e9?<br \/>\nA festa acabou,<br \/>\na luz apagou,<br \/>\no povo sumiu,<br \/>\na noite esfriou,<br \/>\ne agora, Jos\u00e9?<br \/>\ne agora, voc\u00ea?<br \/>\nvoc\u00ea que \u00e9 sem nome,<br \/>\nque zomba dos outros,<br \/>\nvoc\u00ea que faz versos,<br \/>\nque ama, protesta?<br \/>\ne agora, Jos\u00e9?<br \/>\n(&#8230;)<\/p>\n<p style=\"text-align: justify;\">Jos\u00e9, e agora?<br \/>\nSe voc\u00ea gritasse,<br \/>\nse voc\u00ea gemesse,<br \/>\nse voc\u00ea tocasse<br \/>\na valsa vienense,<br \/>\nse voc\u00ea dormisse,<br \/>\nse voc\u00ea cansasse,<br \/>\nse voc\u00ea morresse&#8230;<br \/>\nMas voc\u00ea n\u00e3o morre,<br \/>\nvoc\u00ea \u00e9 duro, Jos\u00e9!<br \/>\nSozinho no escuro<br \/>\nqual bicho do mato,<br \/>\nsem teogonia,<br \/>\nsem parede nua<br \/>\npara se encostar<br \/>\nsem cavalo preto<br \/>\nque fuja a galope,<br \/>\nvoc\u00ea marcha, Jos\u00e9!<br \/>\nJos\u00e9, para onde?\u201d<\/p>\n<p style=\"text-align: justify;\">(Poema \u201cJos\u00e9\u201d, de Carlos Drummond de Andrade, publicado originalmente em 1942 na colet\u00e2nea \u201cPoesias\u201d)<\/p>\n<p style=\"text-align: justify;\"><a href=\"mailto:vladimirdemattos@hotmail.com\">vladimirdemattos@hotmail.com<\/a><\/p>\n","protected":false},"excerpt":{"rendered":"<p>E AGORA, JOS\u00c9? Em meio a tantas l\u00e1grimas causadas por inestim\u00e1veis e dolorosas perdas de amigos e entes queridos, uma pausa reflexiva com um poema de Carlos Drummond de Andrade&#8230; \u201cE agora, Jos\u00e9? A festa acabou, a luz apagou, o povo sumiu, a noite esfriou, e agora, Jos\u00e9? e agora, voc\u00ea? voc\u00ea que \u00e9 sem [&hellip;]<\/p>\n","protected":false},"author":1,"featured_media":46511,"comment_status":"closed","ping_status":"open","sticky":false,"template":"","format":"standard","meta":{"footnotes":""},"categories":[175],"tags":[],"class_list":["post-46510","post","type-post","status-publish","format-standard","has-post-thumbnail","hentry","category-artigos"],"_links":{"self":[{"href":"https:\/\/jorgezanoni.com.br\/2019\/wp-json\/wp\/v2\/posts\/46510","targetHints":{"allow":["GET"]}}],"collection":[{"href":"https:\/\/jorgezanoni.com.br\/2019\/wp-json\/wp\/v2\/posts"}],"about":[{"href":"https:\/\/jorgezanoni.com.br\/2019\/wp-json\/wp\/v2\/types\/post"}],"author":[{"embeddable":true,"href":"https:\/\/jorgezanoni.com.br\/2019\/wp-json\/wp\/v2\/users\/1"}],"replies":[{"embeddable":true,"href":"https:\/\/jorgezanoni.com.br\/2019\/wp-json\/wp\/v2\/comments?post=46510"}],"version-history":[{"count":0,"href":"https:\/\/jorgezanoni.com.br\/2019\/wp-json\/wp\/v2\/posts\/46510\/revisions"}],"wp:featuredmedia":[{"embeddable":true,"href":"https:\/\/jorgezanoni.com.br\/2019\/wp-json\/wp\/v2\/media\/46511"}],"wp:attachment":[{"href":"https:\/\/jorgezanoni.com.br\/2019\/wp-json\/wp\/v2\/media?parent=46510"}],"wp:term":[{"taxonomy":"category","embeddable":true,"href":"https:\/\/jorgezanoni.com.br\/2019\/wp-json\/wp\/v2\/categories?post=46510"},{"taxonomy":"post_tag","embeddable":true,"href":"https:\/\/jorgezanoni.com.br\/2019\/wp-json\/wp\/v2\/tags?post=46510"}],"curies":[{"name":"wp","href":"https:\/\/api.w.org\/{rel}","templated":true}]}}