{"id":46501,"date":"2021-04-20T14:12:08","date_gmt":"2021-04-20T14:12:08","guid":{"rendered":"https:\/\/jorgezanoni.com.br\/2019\/?p=46501"},"modified":"2021-04-20T15:23:42","modified_gmt":"2021-04-20T15:23:42","slug":"morre-a-senhora-nair-carnelos-dos-santos","status":"publish","type":"post","link":"https:\/\/jorgezanoni.com.br\/2019\/morre-a-senhora-nair-carnelos-dos-santos\/","title":{"rendered":"Morre a senhora Nair Carnel\u00f3s dos Santos"},"content":{"rendered":"<p style=\"text-align: justify;\">Comunicamos com pesar o falecimento da senhora Nair Carnel\u00f3s dos Santos de 87 anos. Ela estava internada e passou por cirurgia. Era vi\u00fava do senhor Olivar dos Santos (Olivar M\u00f3veis), falecido em 2.014.<\/p>\n<p style=\"text-align: justify;\">Deixa os filhos M\u00e1rcia Raquel, Carlos Henrique e Ricardo Jos\u00e9, genro, noras, netos, demais familiares e amigos.<\/p>\n<p style=\"text-align: justify;\">(aguarde informa\u00e7\u00f5es do Vel\u00f3rio e Sepultamento)<\/p>\n<p style=\"text-align: justify;\">Aos familiares e amigos, os sentimentos do Site JZ neste dif\u00edcil momento.<\/p>\n<p style=\"text-align: justify;\">Jorge Zanoni<\/p>\n<p>&nbsp;<\/p>\n<p>&nbsp;<\/p>\n","protected":false},"excerpt":{"rendered":"<p>Comunicamos com pesar o falecimento da senhora Nair Carnel\u00f3s dos Santos de 87 anos. Ela estava internada e passou por cirurgia. Era vi\u00fava do senhor Olivar dos Santos (Olivar M\u00f3veis), falecido em 2.014. Deixa os filhos M\u00e1rcia Raquel, Carlos Henrique e Ricardo Jos\u00e9, genro, noras, netos, demais familiares e amigos. (aguarde informa\u00e7\u00f5es do Vel\u00f3rio e [&hellip;]<\/p>\n","protected":false},"author":1,"featured_media":46502,"comment_status":"closed","ping_status":"open","sticky":false,"template":"","format":"standard","meta":{"footnotes":""},"categories":[178,110],"tags":[],"class_list":["post-46501","post","type-post","status-publish","format-standard","has-post-thumbnail","hentry","category-notadefalecimento","category-noticiasdestaque"],"_links":{"self":[{"href":"https:\/\/jorgezanoni.com.br\/2019\/wp-json\/wp\/v2\/posts\/46501","targetHints":{"allow":["GET"]}}],"collection":[{"href":"https:\/\/jorgezanoni.com.br\/2019\/wp-json\/wp\/v2\/posts"}],"about":[{"href":"https:\/\/jorgezanoni.com.br\/2019\/wp-json\/wp\/v2\/types\/post"}],"author":[{"embeddable":true,"href":"https:\/\/jorgezanoni.com.br\/2019\/wp-json\/wp\/v2\/users\/1"}],"replies":[{"embeddable":true,"href":"https:\/\/jorgezanoni.com.br\/2019\/wp-json\/wp\/v2\/comments?post=46501"}],"version-history":[{"count":0,"href":"https:\/\/jorgezanoni.com.br\/2019\/wp-json\/wp\/v2\/posts\/46501\/revisions"}],"wp:featuredmedia":[{"embeddable":true,"href":"https:\/\/jorgezanoni.com.br\/2019\/wp-json\/wp\/v2\/media\/46502"}],"wp:attachment":[{"href":"https:\/\/jorgezanoni.com.br\/2019\/wp-json\/wp\/v2\/media?parent=46501"}],"wp:term":[{"taxonomy":"category","embeddable":true,"href":"https:\/\/jorgezanoni.com.br\/2019\/wp-json\/wp\/v2\/categories?post=46501"},{"taxonomy":"post_tag","embeddable":true,"href":"https:\/\/jorgezanoni.com.br\/2019\/wp-json\/wp\/v2\/tags?post=46501"}],"curies":[{"name":"wp","href":"https:\/\/api.w.org\/{rel}","templated":true}]}}