{"id":46480,"date":"2021-04-19T22:17:43","date_gmt":"2021-04-19T22:17:43","guid":{"rendered":"https:\/\/jorgezanoni.com.br\/2019\/?p=46480"},"modified":"2021-04-19T22:17:43","modified_gmt":"2021-04-19T22:17:43","slug":"ace-de-dracena-convida-para-participacao-de-palestra","status":"publish","type":"post","link":"https:\/\/jorgezanoni.com.br\/2019\/ace-de-dracena-convida-para-participacao-de-palestra\/","title":{"rendered":"ACE de Dracena convida para participa\u00e7\u00e3o de Palestra"},"content":{"rendered":"<p style=\"text-align: justify;\">A Diretoria da Associa\u00e7\u00e3o Comercial de Dracena &#8211; Bi\u00eanio 2021\/2022, orgulhosamente apresenta e convida voc\u00ea para participar conosco da palestra:<\/p>\n<p style=\"text-align: justify;\">Vire a chave: Descubra quais cren\u00e7as e valores que te movem e para qual dire\u00e7\u00e3o est\u00e3o te levando ; apresentada por Tatiane Souza, uma das palestrantes revela\u00e7\u00f5es no cen\u00e1rio Nacional nos dias de hoje.<\/p>\n<p style=\"text-align: justify;\">Atrav\u00e9s de m\u00e9todos aplicados na \u00e1rea da Intelig\u00eancia Emocional, este momento t\u00e3o significativo que teremos, ir\u00e1 te ajudar a alcan\u00e7ar o sucesso em sua vida.<\/p>\n<p style=\"text-align: justify;\">Te espero ent\u00e3o, dia 27\/04 \u00e0s 19h. A transmiss\u00e3o ser\u00e1 realizada via Zoom. Fa\u00e7a sua inscri\u00e7\u00e3o gratuitamente atrav\u00e9s do link: https:\/\/www.sympla.com.br\/vire-a-chave-descubra-quais-crencas-e-valores-que-te-movem-e-para-qual-direcao-estao-te-levando__1180593<\/p>\n<div style=\"width: 696px;\" class=\"wp-video\"><video class=\"wp-video-shortcode\" id=\"video-46480-1\" width=\"696\" height=\"394\" preload=\"metadata\" controls=\"controls\"><source type=\"video\/mp4\" src=\"https:\/\/jorgezanoni.com.br\/2019\/wp-content\/uploads\/2021\/04\/WhatsApp-Video-2021-04-19-at-13.16.10.mp4?_=1\" \/><a href=\"https:\/\/jorgezanoni.com.br\/2019\/wp-content\/uploads\/2021\/04\/WhatsApp-Video-2021-04-19-at-13.16.10.mp4\">https:\/\/jorgezanoni.com.br\/2019\/wp-content\/uploads\/2021\/04\/WhatsApp-Video-2021-04-19-at-13.16.10.mp4<\/a><\/video><\/div>\n<p>&nbsp;<\/p>\n","protected":false},"excerpt":{"rendered":"<p>A Diretoria da Associa\u00e7\u00e3o Comercial de Dracena &#8211; Bi\u00eanio 2021\/2022, orgulhosamente apresenta e convida voc\u00ea para participar conosco da palestra: Vire a chave: Descubra quais cren\u00e7as e valores que te movem e para qual dire\u00e7\u00e3o est\u00e3o te levando ; apresentada por Tatiane Souza, uma das palestrantes revela\u00e7\u00f5es no cen\u00e1rio Nacional nos dias de hoje. Atrav\u00e9s [&hellip;]<\/p>\n","protected":false},"author":1,"featured_media":46482,"comment_status":"closed","ping_status":"open","sticky":false,"template":"","format":"video","meta":{"footnotes":""},"categories":[114,169],"tags":[],"class_list":["post-46480","post","type-post","status-publish","format-video","has-post-thumbnail","hentry","category-geralecomercio","category-videos","post_format-post-format-video"],"_links":{"self":[{"href":"https:\/\/jorgezanoni.com.br\/2019\/wp-json\/wp\/v2\/posts\/46480","targetHints":{"allow":["GET"]}}],"collection":[{"href":"https:\/\/jorgezanoni.com.br\/2019\/wp-json\/wp\/v2\/posts"}],"about":[{"href":"https:\/\/jorgezanoni.com.br\/2019\/wp-json\/wp\/v2\/types\/post"}],"author":[{"embeddable":true,"href":"https:\/\/jorgezanoni.com.br\/2019\/wp-json\/wp\/v2\/users\/1"}],"replies":[{"embeddable":true,"href":"https:\/\/jorgezanoni.com.br\/2019\/wp-json\/wp\/v2\/comments?post=46480"}],"version-history":[{"count":0,"href":"https:\/\/jorgezanoni.com.br\/2019\/wp-json\/wp\/v2\/posts\/46480\/revisions"}],"wp:featuredmedia":[{"embeddable":true,"href":"https:\/\/jorgezanoni.com.br\/2019\/wp-json\/wp\/v2\/media\/46482"}],"wp:attachment":[{"href":"https:\/\/jorgezanoni.com.br\/2019\/wp-json\/wp\/v2\/media?parent=46480"}],"wp:term":[{"taxonomy":"category","embeddable":true,"href":"https:\/\/jorgezanoni.com.br\/2019\/wp-json\/wp\/v2\/categories?post=46480"},{"taxonomy":"post_tag","embeddable":true,"href":"https:\/\/jorgezanoni.com.br\/2019\/wp-json\/wp\/v2\/tags?post=46480"}],"curies":[{"name":"wp","href":"https:\/\/api.w.org\/{rel}","templated":true}]}}