{"id":46477,"date":"2021-04-19T21:43:18","date_gmt":"2021-04-19T21:43:18","guid":{"rendered":"https:\/\/jorgezanoni.com.br\/2019\/?p=46477"},"modified":"2021-04-19T21:43:47","modified_gmt":"2021-04-19T21:43:47","slug":"dracena-segue-o-decreto-estadual","status":"publish","type":"post","link":"https:\/\/jorgezanoni.com.br\/2019\/dracena-segue-o-decreto-estadual\/","title":{"rendered":"Dracena segue o Decreto Estadual"},"content":{"rendered":"<p style=\"font-weight: 400; text-align: justify;\">O prefeito Andr\u00e9 Lemos determinou que o munic\u00edpio siga o decreto 65.635 de 16\/04\/2021, do Governo de S\u00e3o Paulo, quanto a Fase Vermelha a todos os munic\u00edpios do Estado.<\/p>\n<p style=\"font-weight: 400; text-align: justify;\">A nova fase teve no domingo que passou, dia 18, e est\u00e1 dividida em dois per\u00edodos. Na primeira semana, de 18 a 23 de abril, a flexibiliza\u00e7\u00e3o acontecer\u00e1 para o setor do com\u00e9rcio, incluindo lojas de shopping, com funcionamento permitido das 11h \u00e0s 19h. Nesse per\u00edodo, tamb\u00e9m ser\u00e1 permitida a realiza\u00e7\u00e3o de cerim\u00f4nias e cultos religiosos com restri\u00e7\u00f5es, desde que seguidos rigorosamente todos os protocolos de higiene e distanciamento social.<\/p>\n<p style=\"font-weight: 400; text-align: justify;\">No per\u00edodo das 9h \u00e0s 11h, o com\u00e9rcio pode atender via delivery ou drive thru.<\/p>\n<p style=\"font-weight: 400; text-align: justify;\">No per\u00edodo de 24 a 30 de abril, al\u00e9m dos estabelecimentos comerciais, poder\u00e3o voltar a funcionar as atividades ligadas ao setor de servi\u00e7os como restaurantes e similares (lanchonetes, casas de sucos, bares com fun\u00e7\u00e3o de restaurante), sal\u00f5es de beleza e barbearias, atividades culturais, parques, clubes e academias. O hor\u00e1rio de funcionamento ser\u00e1 das 11h \u00e0s 19h, com exce\u00e7\u00e3o das academias, que poder\u00e3o abrir das 7h \u00e0s 11h e das 15h \u00e0s 19h. ]<\/p>\n<p style=\"font-weight: 400; text-align: justify;\">A fim de evitar aglomera\u00e7\u00f5es, a capacidade de ocupa\u00e7\u00e3o permitida nos estabelecimentos na fase de transi\u00e7\u00e3o ser\u00e1 de 25%.<\/p>\n<p style=\"font-weight: 400; text-align: justify;\">O toque de recolher continua em vig\u00eancia em todo o Estado, das 20h \u00e0s 5h, assim como a orienta\u00e7\u00e3o para o teletrabalho para as atividades administrativas n\u00e3o essenciais e escalonamento de hor\u00e1rio na entrada e sa\u00edda das atividades do com\u00e9rcio, servi\u00e7os e ind\u00fastrias. A pr\u00f3xima atualiza\u00e7\u00e3o do Plano SP acontecer\u00e1 a partir do dia 1 de maio.<\/p>\n<p style=\"font-weight: 400; text-align: justify;\">O resumo com as medidas anunciadas pelo Governo do Estado est\u00e1 dispon\u00edvel na p\u00e1gina https:\/\/issuu.com\/governosp\/docs\/.<\/p>\n<p style=\"text-align: justify;\">Fonte: Diretoria de Comunica\u00e7\u00e3o<\/p>\n","protected":false},"excerpt":{"rendered":"<p>O prefeito Andr\u00e9 Lemos determinou que o munic\u00edpio siga o decreto 65.635 de 16\/04\/2021, do Governo de S\u00e3o Paulo, quanto a Fase Vermelha a todos os munic\u00edpios do Estado. A nova fase teve no domingo que passou, dia 18, e est\u00e1 dividida em dois per\u00edodos. Na primeira semana, de 18 a 23 de abril, a [&hellip;]<\/p>\n","protected":false},"author":1,"featured_media":46478,"comment_status":"closed","ping_status":"open","sticky":false,"template":"","format":"standard","meta":{"footnotes":""},"categories":[179,184,110],"tags":[],"class_list":["post-46477","post","type-post","status-publish","format-standard","has-post-thumbnail","hentry","category-cidadeseregiao","category-dracena","category-noticiasdestaque"],"_links":{"self":[{"href":"https:\/\/jorgezanoni.com.br\/2019\/wp-json\/wp\/v2\/posts\/46477","targetHints":{"allow":["GET"]}}],"collection":[{"href":"https:\/\/jorgezanoni.com.br\/2019\/wp-json\/wp\/v2\/posts"}],"about":[{"href":"https:\/\/jorgezanoni.com.br\/2019\/wp-json\/wp\/v2\/types\/post"}],"author":[{"embeddable":true,"href":"https:\/\/jorgezanoni.com.br\/2019\/wp-json\/wp\/v2\/users\/1"}],"replies":[{"embeddable":true,"href":"https:\/\/jorgezanoni.com.br\/2019\/wp-json\/wp\/v2\/comments?post=46477"}],"version-history":[{"count":0,"href":"https:\/\/jorgezanoni.com.br\/2019\/wp-json\/wp\/v2\/posts\/46477\/revisions"}],"wp:featuredmedia":[{"embeddable":true,"href":"https:\/\/jorgezanoni.com.br\/2019\/wp-json\/wp\/v2\/media\/46478"}],"wp:attachment":[{"href":"https:\/\/jorgezanoni.com.br\/2019\/wp-json\/wp\/v2\/media?parent=46477"}],"wp:term":[{"taxonomy":"category","embeddable":true,"href":"https:\/\/jorgezanoni.com.br\/2019\/wp-json\/wp\/v2\/categories?post=46477"},{"taxonomy":"post_tag","embeddable":true,"href":"https:\/\/jorgezanoni.com.br\/2019\/wp-json\/wp\/v2\/tags?post=46477"}],"curies":[{"name":"wp","href":"https:\/\/api.w.org\/{rel}","templated":true}]}}