{"id":46462,"date":"2021-04-19T21:13:13","date_gmt":"2021-04-19T21:13:13","guid":{"rendered":"https:\/\/jorgezanoni.com.br\/2019\/?p=46462"},"modified":"2021-04-19T21:16:07","modified_gmt":"2021-04-19T21:16:07","slug":"medida-protetiva-policia-civil-cumpre-mandado-de-prisao-a-homem-que-descumpriu-a-lei-maria-a-penha-em-dracena","status":"publish","type":"post","link":"https:\/\/jorgezanoni.com.br\/2019\/medida-protetiva-policia-civil-cumpre-mandado-de-prisao-a-homem-que-descumpriu-a-lei-maria-a-penha-em-dracena\/","title":{"rendered":"Medida protetiva: Pol\u00edcia Civil cumpre mandado de pris\u00e3o a homem que descumpriu a Lei Maria da Penha em Dracena"},"content":{"rendered":"<p style=\"text-align: justify;\"><strong>A a\u00e7\u00e3o foi realizada por agentes da Delegacia de Defesa da Mulher. A pris\u00e3o ocorreu na casa do suspeito, no bairro Vila Luc\u00e9lia.<\/strong><\/p>\n<p style=\"text-align: justify;\">A Pol\u00edcia Civil, por interm\u00e9dio da Delegacia de Defesa da Mulher, cumpriu na tarde desta segunda-feira (19), um mandado de pris\u00e3o preventiva em desfavor de um homem de 33 anos, por descumprimento de medida protetiva de urg\u00eancia.<\/p>\n<p style=\"text-align: justify;\">De acordo com informa\u00e7\u00f5es da DDM, a pris\u00e3o foi decretada em processo criminal sobre Viol\u00eancia Dom\u00e9stica, em raz\u00e3o do suspeito estar perturbando a tranquilidade da ex-companheira e descumprindo a medida j\u00e1 concedida pela Justi\u00e7a de n\u00e3o se aproximar da mesma.<\/p>\n<p style=\"text-align: justify;\">A pris\u00e3o ocorreu na resid\u00eancia do homem, localizada no bairro Vila Luc\u00e9lia, em Dracena. O indiv\u00edduo n\u00e3o ofereceu resist\u00eancia \u00e0 ordem de pris\u00e3o, e foi conduzido at\u00e9 a sede da Delegacia de Defesa da Mulher.<\/p>\n<p style=\"text-align: justify;\">Na unidade policial, foi formalizado o cumprimento do mandado de pris\u00e3o preventiva. E ap\u00f3s a realiza\u00e7\u00e3o dos procedimentos de Pol\u00edcia Judici\u00e1ria, o homem foi conduzido para uma unidade prisional, onde se encontra \u00e0 disposi\u00e7\u00e3o da Justi\u00e7a.<\/p>\n<p style=\"text-align: justify;\">Den\u00fancias an\u00f4nimas e informa\u00e7\u00f5es sobre casos de Viol\u00eancia Dom\u00e9stica Contra a Mulher podem ser feitas pelo Disque Den\u00fancia 180 (Central de Atendimento \u00e0 Mulher) e, pelo fone (18) 3821-4240, da Delegacia de Defesa da Mulher (DDM) de Dracena. O sigilo e o anonimato s\u00e3o garantidos.<\/p>\n<p style=\"text-align: justify;\">Fonte: Com. Social Pol\u00edcia Civil<\/p>\n","protected":false},"excerpt":{"rendered":"<p>A a\u00e7\u00e3o foi realizada por agentes da Delegacia de Defesa da Mulher. A pris\u00e3o ocorreu na casa do suspeito, no bairro Vila Luc\u00e9lia. A Pol\u00edcia Civil, por interm\u00e9dio da Delegacia de Defesa da Mulher, cumpriu na tarde desta segunda-feira (19), um mandado de pris\u00e3o preventiva em desfavor de um homem de 33 anos, por descumprimento [&hellip;]<\/p>\n","protected":false},"author":1,"featured_media":46463,"comment_status":"closed","ping_status":"open","sticky":false,"template":"","format":"standard","meta":{"footnotes":""},"categories":[110,2],"tags":[],"class_list":["post-46462","post","type-post","status-publish","format-standard","has-post-thumbnail","hentry","category-noticiasdestaque","category-policial"],"_links":{"self":[{"href":"https:\/\/jorgezanoni.com.br\/2019\/wp-json\/wp\/v2\/posts\/46462","targetHints":{"allow":["GET"]}}],"collection":[{"href":"https:\/\/jorgezanoni.com.br\/2019\/wp-json\/wp\/v2\/posts"}],"about":[{"href":"https:\/\/jorgezanoni.com.br\/2019\/wp-json\/wp\/v2\/types\/post"}],"author":[{"embeddable":true,"href":"https:\/\/jorgezanoni.com.br\/2019\/wp-json\/wp\/v2\/users\/1"}],"replies":[{"embeddable":true,"href":"https:\/\/jorgezanoni.com.br\/2019\/wp-json\/wp\/v2\/comments?post=46462"}],"version-history":[{"count":0,"href":"https:\/\/jorgezanoni.com.br\/2019\/wp-json\/wp\/v2\/posts\/46462\/revisions"}],"wp:featuredmedia":[{"embeddable":true,"href":"https:\/\/jorgezanoni.com.br\/2019\/wp-json\/wp\/v2\/media\/46463"}],"wp:attachment":[{"href":"https:\/\/jorgezanoni.com.br\/2019\/wp-json\/wp\/v2\/media?parent=46462"}],"wp:term":[{"taxonomy":"category","embeddable":true,"href":"https:\/\/jorgezanoni.com.br\/2019\/wp-json\/wp\/v2\/categories?post=46462"},{"taxonomy":"post_tag","embeddable":true,"href":"https:\/\/jorgezanoni.com.br\/2019\/wp-json\/wp\/v2\/tags?post=46462"}],"curies":[{"name":"wp","href":"https:\/\/api.w.org\/{rel}","templated":true}]}}