{"id":46459,"date":"2021-04-19T21:00:39","date_gmt":"2021-04-19T21:00:39","guid":{"rendered":"https:\/\/jorgezanoni.com.br\/2019\/?p=46459"},"modified":"2021-04-19T21:00:39","modified_gmt":"2021-04-19T21:00:39","slug":"ex-aluna-da-pedagogia-unifadra-e-aprovada-no-mestrado-em-educacao-na-unesp","status":"publish","type":"post","link":"https:\/\/jorgezanoni.com.br\/2019\/ex-aluna-da-pedagogia-unifadra-e-aprovada-no-mestrado-em-educacao-na-unesp\/","title":{"rendered":"Ex-aluna da Pedagogia Unifadra \u00e9 aprovada no Mestrado em Educa\u00e7\u00e3o na Unesp\u00a0\u00a0"},"content":{"rendered":"<p dir=\"ltr\" style=\"text-align: justify;\">Formada em dezembro de 2019, Cristiane Cardozo da Silva, desde o seu ingresso no curso de Pedagogia na Unifadra\/Fundec de Dracena, sempre buscou desenvolver atividades acad\u00eamicas voltadas para a pesquisa e extens\u00e3o, aproveitando as oportunidades que este curso proporciona. Agora, foi aprovada para o Mestrado em Educa\u00e7\u00e3o na Unesp de Presidente Prudente.<\/p>\n<p dir=\"ltr\" style=\"text-align: justify;\">&#8220;Sou filha de uma fam\u00edlia humilde. Estudei em escola p\u00fablica durante toda minha forma\u00e7\u00e3o b\u00e1sica. O curso de Pedagogia fez-me compreender o poder transformador da Educa\u00e7\u00e3o na vida do indiv\u00edduo e da sociedade, fazendo dela minha forma\u00e7\u00e3o e do poder transformador que ela produz na vida do ser humano e de seus pares, meu prop\u00f3sito de vida&#8221;, afirma a nova mestranda.<\/p>\n<p dir=\"ltr\" style=\"text-align: justify;\">&#8220;Tudo que aprendi, somado \u00e0s experi\u00eancias que vivenciei ao longo da gradua\u00e7\u00e3o na Faculdades de Dracena (Unifadra), despertaram-me a for\u00e7a de prosseguir, fazendo da busca a uma vaga no curso de Mestrado em uma das Universidades mais reconhecidas do pa\u00eds o meu objetivo. Encontrar meu nome na lista de aprovados do Programa de P\u00f3s-Gradua\u00e7\u00e3o em Educa\u00e7\u00e3o da Universidade Estadual Paulista (UNESP) \u2013 Campus Presidente Prudente, gera em mim o intenso e imensur\u00e1vel sentimento de felicidade e gratid\u00e3o a Deus pela for\u00e7a que susteve a minha busca, a tantas pessoas especiais \u2013 familiares, amigos, professores, colegas de turma \u2013 as quais contribu\u00edram para que eu chegasse at\u00e9 aqui e por todas aquelas com as quais, a partir daqui, com igual sentimento de felicidade e gratid\u00e3o, compartilho minha jornada, dando continuidade \u00e0 minha forma\u00e7\u00e3o&#8221;, disse Cristiane Cardozo da Silva.<\/p>\n<p dir=\"ltr\" style=\"text-align: justify;\">Segundo a coordenadora do curso de Pedagogia da Unifadra Profa. Dra. Vanessa Ribeiro Andreto, &#8220;\u00e9 uma grande alegria ter uma ex-aluna do curso ingressando no mestrado em uma das institui\u00e7\u00f5es mais conhecidas e respeitadas do pa\u00eds. Essa vit\u00f3ria denota um sentimento de dever cumprido em rela\u00e7\u00e3o \u00e0 forma\u00e7\u00e3o inicial desenvolvida na Unifadra. A coordena\u00e7\u00e3o e o corpo docente do curso de Pedagogia parabenizam Cristiane e desejam sucesso nesta nova etapa que se inicia&#8221;.<\/p>\n<p dir=\"ltr\" style=\"text-align: justify;\">O diretor acad\u00eamico da Unifadra Prof. Dr. Enio Garbelini parabeniza a ex-aluna pela conquista e ressalta que a qualidade do curso de Pedagogia da Institui\u00e7\u00e3o foi fundamental para que ela pudesse galgar essa nova etapa de sua forma\u00e7\u00e3o acad\u00eamica.\u00a0\u00a0<span id=\"v1gmail-docs-internal-guid-207935c0-7fff-fb7c-798a-bba296e84d86\"><\/span><\/p>\n<div class=\"v1gmail_signature\" dir=\"ltr\">\n<div dir=\"ltr\" style=\"text-align: justify;\"><b>Carolina Colnago<br \/>\nAssistente de Comunica\u00e7\u00e3o\u00a0<\/b><br \/>\n<b>Funda\u00e7\u00e3o Dracenense de Educa\u00e7\u00e3o e Cultura<\/b><\/div>\n<\/div>\n","protected":false},"excerpt":{"rendered":"<p>Formada em dezembro de 2019, Cristiane Cardozo da Silva, desde o seu ingresso no curso de Pedagogia na Unifadra\/Fundec de Dracena, sempre buscou desenvolver atividades acad\u00eamicas voltadas para a pesquisa e extens\u00e3o, aproveitando as oportunidades que este curso proporciona. Agora, foi aprovada para o Mestrado em Educa\u00e7\u00e3o na Unesp de Presidente Prudente. &#8220;Sou filha de [&hellip;]<\/p>\n","protected":false},"author":1,"featured_media":46460,"comment_status":"closed","ping_status":"open","sticky":false,"template":"","format":"standard","meta":{"footnotes":""},"categories":[122],"tags":[],"class_list":["post-46459","post","type-post","status-publish","format-standard","has-post-thumbnail","hentry","category-saudeeducacaoeconcurso"],"_links":{"self":[{"href":"https:\/\/jorgezanoni.com.br\/2019\/wp-json\/wp\/v2\/posts\/46459","targetHints":{"allow":["GET"]}}],"collection":[{"href":"https:\/\/jorgezanoni.com.br\/2019\/wp-json\/wp\/v2\/posts"}],"about":[{"href":"https:\/\/jorgezanoni.com.br\/2019\/wp-json\/wp\/v2\/types\/post"}],"author":[{"embeddable":true,"href":"https:\/\/jorgezanoni.com.br\/2019\/wp-json\/wp\/v2\/users\/1"}],"replies":[{"embeddable":true,"href":"https:\/\/jorgezanoni.com.br\/2019\/wp-json\/wp\/v2\/comments?post=46459"}],"version-history":[{"count":0,"href":"https:\/\/jorgezanoni.com.br\/2019\/wp-json\/wp\/v2\/posts\/46459\/revisions"}],"wp:featuredmedia":[{"embeddable":true,"href":"https:\/\/jorgezanoni.com.br\/2019\/wp-json\/wp\/v2\/media\/46460"}],"wp:attachment":[{"href":"https:\/\/jorgezanoni.com.br\/2019\/wp-json\/wp\/v2\/media?parent=46459"}],"wp:term":[{"taxonomy":"category","embeddable":true,"href":"https:\/\/jorgezanoni.com.br\/2019\/wp-json\/wp\/v2\/categories?post=46459"},{"taxonomy":"post_tag","embeddable":true,"href":"https:\/\/jorgezanoni.com.br\/2019\/wp-json\/wp\/v2\/tags?post=46459"}],"curies":[{"name":"wp","href":"https:\/\/api.w.org\/{rel}","templated":true}]}}