{"id":46456,"date":"2021-04-19T15:11:13","date_gmt":"2021-04-19T15:11:13","guid":{"rendered":"https:\/\/jorgezanoni.com.br\/2019\/?p=46456"},"modified":"2021-04-19T15:11:13","modified_gmt":"2021-04-19T15:11:13","slug":"publico-de-65-anos-comeca-a-ser-vacinado-contra-a-covid-amanha-em-dracena","status":"publish","type":"post","link":"https:\/\/jorgezanoni.com.br\/2019\/publico-de-65-anos-comeca-a-ser-vacinado-contra-a-covid-amanha-em-dracena\/","title":{"rendered":"P\u00fablico de 65 anos come\u00e7a a ser Vacinado contra a COVID amanh\u00e3 em Dracena"},"content":{"rendered":"<p style=\"text-align: justify;\"><em><strong>Sa\u00fade municipal adianta vacina\u00e7\u00e3o deste p\u00fablico a partir desta ter\u00e7a-feira.<\/strong><\/em><\/p>\n<p style=\"text-align: justify;\">A Sa\u00fade municipal de Dracena informa que a partir desta ter\u00e7a-feira, 20, come\u00e7ar\u00e1 a ser vacinadas pessoas de 65 anos. Os postos de vacina\u00e7\u00e3o ser\u00e3o Escolas CEP\/UME e Jo\u00e3o Vendramini, das 8h \u00e0s 13h. \u00c9 necess\u00e1rio levar o RG, CPF e comprovante de resid\u00eancia.<\/p>\n<p style=\"text-align: justify;\">Pessoas com 66 anos ou mais devem ficar atentas \u00e0 segunda dose agendada. Em caso da segunda dose levar o cart\u00e3o que conste a anota\u00e7\u00e3o da primeira.<\/p>\n<p style=\"text-align: justify;\"><strong>PROFISSIONAIS DE EDUCA\u00c7\u00c3O<\/strong><\/p>\n<p style=\"text-align: justify;\">Os profissionais de Educa\u00e7\u00e3o que ainda n\u00e3o se vacinaram podem procurar a Sala de Vacina, na Policl\u00ednica (Bairro S\u00e3o Francisco), das 13h \u00e0s 14h, com todos os documentos exigidos, comprovante de cadastro feito no site http\/\/vacinaja.sp.gov.br\/educacao, holerite, RG e CPF.<\/p>\n<p style=\"text-align: justify;\">Os profissionais contemplados s\u00e3o: professores, merendeiras, auxiliares de servi\u00e7os gerais, secret\u00e1rios da escola, diretores e vice-diretores, coordenadores pedag\u00f3gicos, cuidadores ou int\u00e9rprete de libras, inspetor de alunos, assistente de alfabetiza\u00e7\u00e3o (monitor) foram definidos pelo Governo do Estado. Lembrando que s\u00f3 poder\u00e3o ser imunizados os que trabalham em Dracena.<\/p>\n<p style=\"text-align: justify;\">No feriado nacional &#8211; dia de Tiradentes &#8211; quarta-feira, dia 21, n\u00e3o haver\u00e1 vacina\u00e7\u00e3o.<\/p>\n<p>Fonte: Diretoria de Comunica\u00e7\u00e3o<\/p>\n","protected":false},"excerpt":{"rendered":"<p>Sa\u00fade municipal adianta vacina\u00e7\u00e3o deste p\u00fablico a partir desta ter\u00e7a-feira. A Sa\u00fade municipal de Dracena informa que a partir desta ter\u00e7a-feira, 20, come\u00e7ar\u00e1 a ser vacinadas pessoas de 65 anos. Os postos de vacina\u00e7\u00e3o ser\u00e3o Escolas CEP\/UME e Jo\u00e3o Vendramini, das 8h \u00e0s 13h. \u00c9 necess\u00e1rio levar o RG, CPF e comprovante de resid\u00eancia. Pessoas [&hellip;]<\/p>\n","protected":false},"author":1,"featured_media":46457,"comment_status":"closed","ping_status":"open","sticky":false,"template":"","format":"standard","meta":{"footnotes":""},"categories":[110,122],"tags":[],"class_list":["post-46456","post","type-post","status-publish","format-standard","has-post-thumbnail","hentry","category-noticiasdestaque","category-saudeeducacaoeconcurso"],"_links":{"self":[{"href":"https:\/\/jorgezanoni.com.br\/2019\/wp-json\/wp\/v2\/posts\/46456","targetHints":{"allow":["GET"]}}],"collection":[{"href":"https:\/\/jorgezanoni.com.br\/2019\/wp-json\/wp\/v2\/posts"}],"about":[{"href":"https:\/\/jorgezanoni.com.br\/2019\/wp-json\/wp\/v2\/types\/post"}],"author":[{"embeddable":true,"href":"https:\/\/jorgezanoni.com.br\/2019\/wp-json\/wp\/v2\/users\/1"}],"replies":[{"embeddable":true,"href":"https:\/\/jorgezanoni.com.br\/2019\/wp-json\/wp\/v2\/comments?post=46456"}],"version-history":[{"count":0,"href":"https:\/\/jorgezanoni.com.br\/2019\/wp-json\/wp\/v2\/posts\/46456\/revisions"}],"wp:featuredmedia":[{"embeddable":true,"href":"https:\/\/jorgezanoni.com.br\/2019\/wp-json\/wp\/v2\/media\/46457"}],"wp:attachment":[{"href":"https:\/\/jorgezanoni.com.br\/2019\/wp-json\/wp\/v2\/media?parent=46456"}],"wp:term":[{"taxonomy":"category","embeddable":true,"href":"https:\/\/jorgezanoni.com.br\/2019\/wp-json\/wp\/v2\/categories?post=46456"},{"taxonomy":"post_tag","embeddable":true,"href":"https:\/\/jorgezanoni.com.br\/2019\/wp-json\/wp\/v2\/tags?post=46456"}],"curies":[{"name":"wp","href":"https:\/\/api.w.org\/{rel}","templated":true}]}}