{"id":46442,"date":"2021-04-19T14:14:30","date_gmt":"2021-04-19T14:14:30","guid":{"rendered":"https:\/\/jorgezanoni.com.br\/2019\/?p=46442"},"modified":"2021-04-19T14:14:30","modified_gmt":"2021-04-19T14:14:30","slug":"vacinacao-contra-a-covid-19-mais-de-11-da-populacao-ja-receberam-as-duas-doses-da-vacina-em-dracena","status":"publish","type":"post","link":"https:\/\/jorgezanoni.com.br\/2019\/vacinacao-contra-a-covid-19-mais-de-11-da-populacao-ja-receberam-as-duas-doses-da-vacina-em-dracena\/","title":{"rendered":"Vacina\u00e7\u00e3o contra a COVID-19: Mais de 11% da popula\u00e7\u00e3o j\u00e1 receberam as duas doses da Vacina em Dracena"},"content":{"rendered":"<p style=\"text-align: justify;\"><em><strong>A m\u00e9dica infectologista e respons\u00e1vel t\u00e9cnica pelo\u00a0 CEMAC, Germana de Souza explica que \u00e9 extremamente importante a vacina\u00e7\u00e3o da popula\u00e7\u00e3o para redu\u00e7\u00e3o dos casos graves do covid.<\/strong><\/em><\/p>\n<p style=\"text-align: justify;\">Dracena imunizou mais de 11% da sua popula\u00e7\u00e3o (segundo o IBGE corresponde a 47.043 moradores) contra a covid 19 at\u00e9 a semana que passou. Lembramos que neste n\u00famero tamb\u00e9m est\u00e3o pessoas que podem ser moradoras de outras localidades, como por exemplo, profissionais da Educa\u00e7\u00e3o e de Sa\u00fade, por\u00e9m atuam no munic\u00edpio.<\/p>\n<p style=\"text-align: justify;\">Conforme a Vigil\u00e2ncia Epidemiol\u00f3gica, desse total de habitantes, n\u00e3o est\u00e3o inclu\u00eddos at\u00e9 o momento os menores de 18 anos.<\/p>\n<p style=\"text-align: justify;\">A m\u00e9dica infectologista e respons\u00e1vel t\u00e9cnica pelo Centro Municipal de Atendimento \u00e0 Covid (CEMAC) Germana de Souza explica que \u00e9 extremamente importante a vacina\u00e7\u00e3o da popula\u00e7\u00e3o para redu\u00e7\u00e3o dos casos graves do covid. Segundo ela, tem sido observada a redu\u00e7\u00e3o nos casos de covid entre os profissionais de sa\u00fade e idosos que j\u00e1 encontram se vacinados.<\/p>\n<p style=\"text-align: justify;\">&#8220;A vacina \u00e9 composta de v\u00edrus inativado, ou seja, morto, que age no sistema imune produzindo anticorpos de defesa para organismo, evitando que o contato com o v\u00edrus cause uma doen\u00e7a grave&#8221;.<\/p>\n<p style=\"text-align: justify;\"><strong>FIQUE ATENTO AS DUAS DOSES<\/strong><\/p>\n<p style=\"text-align: justify;\">H\u00e1 diversas vacinas que precisam ser aplicadas neste modelo para que seja completado o chamado &#8220;esquema vacinal&#8221; e conferir a prote\u00e7\u00e3o adequada. Assim, as vacinas contra a COVID-19 utilizadas no pa\u00eds atualmente possuem esquema vacinal de duas doses, que deve ser completado, respeitando-se os intervalos entre as doses para obter a resposta imune esperada para a preven\u00e7\u00e3o da doen\u00e7a.<\/p>\n<p style=\"text-align: justify;\">Mesmo ap\u00f3s ter tomado as duas doses da vacina \u00e9 preciso continuar utilizando a m\u00e1scara, assim como a higieniza\u00e7\u00e3o das m\u00e3os continuam fundamentais para evitar a transmiss\u00e3o do v\u00edrus. Por isso, todas as pessoas, inclusive as vacinadas, devem continuar seguindo as medidas de preven\u00e7\u00e3o individual e coletiva.<\/p>\n<p>Fonte: Diretoria de Comunica\u00e7\u00e3o<\/p>\n","protected":false},"excerpt":{"rendered":"<p>A m\u00e9dica infectologista e respons\u00e1vel t\u00e9cnica pelo\u00a0 CEMAC, Germana de Souza explica que \u00e9 extremamente importante a vacina\u00e7\u00e3o da popula\u00e7\u00e3o para redu\u00e7\u00e3o dos casos graves do covid. Dracena imunizou mais de 11% da sua popula\u00e7\u00e3o (segundo o IBGE corresponde a 47.043 moradores) contra a covid 19 at\u00e9 a semana que passou. Lembramos que neste n\u00famero [&hellip;]<\/p>\n","protected":false},"author":1,"featured_media":46443,"comment_status":"closed","ping_status":"open","sticky":false,"template":"","format":"standard","meta":{"footnotes":""},"categories":[110,122],"tags":[],"class_list":["post-46442","post","type-post","status-publish","format-standard","has-post-thumbnail","hentry","category-noticiasdestaque","category-saudeeducacaoeconcurso"],"_links":{"self":[{"href":"https:\/\/jorgezanoni.com.br\/2019\/wp-json\/wp\/v2\/posts\/46442","targetHints":{"allow":["GET"]}}],"collection":[{"href":"https:\/\/jorgezanoni.com.br\/2019\/wp-json\/wp\/v2\/posts"}],"about":[{"href":"https:\/\/jorgezanoni.com.br\/2019\/wp-json\/wp\/v2\/types\/post"}],"author":[{"embeddable":true,"href":"https:\/\/jorgezanoni.com.br\/2019\/wp-json\/wp\/v2\/users\/1"}],"replies":[{"embeddable":true,"href":"https:\/\/jorgezanoni.com.br\/2019\/wp-json\/wp\/v2\/comments?post=46442"}],"version-history":[{"count":0,"href":"https:\/\/jorgezanoni.com.br\/2019\/wp-json\/wp\/v2\/posts\/46442\/revisions"}],"wp:featuredmedia":[{"embeddable":true,"href":"https:\/\/jorgezanoni.com.br\/2019\/wp-json\/wp\/v2\/media\/46443"}],"wp:attachment":[{"href":"https:\/\/jorgezanoni.com.br\/2019\/wp-json\/wp\/v2\/media?parent=46442"}],"wp:term":[{"taxonomy":"category","embeddable":true,"href":"https:\/\/jorgezanoni.com.br\/2019\/wp-json\/wp\/v2\/categories?post=46442"},{"taxonomy":"post_tag","embeddable":true,"href":"https:\/\/jorgezanoni.com.br\/2019\/wp-json\/wp\/v2\/tags?post=46442"}],"curies":[{"name":"wp","href":"https:\/\/api.w.org\/{rel}","templated":true}]}}