{"id":46435,"date":"2021-04-19T13:08:19","date_gmt":"2021-04-19T13:08:19","guid":{"rendered":"https:\/\/jorgezanoni.com.br\/2019\/?p=46435"},"modified":"2021-04-19T21:26:00","modified_gmt":"2021-04-19T21:26:00","slug":"morre-gerdy-affonso-esposo-da-secretaria-de-assuntos-juridicos-de-dracena","status":"publish","type":"post","link":"https:\/\/jorgezanoni.com.br\/2019\/morre-gerdy-affonso-esposo-da-secretaria-de-assuntos-juridicos-de-dracena\/","title":{"rendered":"Morre Gerdy Affonso, esposo da Secret\u00e1ria de Assuntos Jur\u00eddicos de Dracena"},"content":{"rendered":"<p style=\"text-align: justify;\">Comunicamos com pesar o falecimento de Gerdy Cassius Gimenes Affonso de 56 anos. Ele estava internado em tratamento de complica\u00e7\u00f5es da COVID.<\/p>\n<p style=\"text-align: justify;\">Deixa a esposa Marli Biscaino Botelho Affonso, secret\u00e1ria de assuntos jur\u00eddicos da Prefeitura de Dracena, filhos Joiese e Eron, demais familiares e amigos.<\/p>\n<p style=\"text-align: justify;\"><strong>Mensagem da Igreja Evang\u00e9lica de Dracena<\/strong><\/p>\n<div class=\"dati1w0a hv4rvrfc osnr6wyh\" style=\"text-align: justify;\">\n<div class=\"btwxx1t3 j83agx80 cwj9ozl2\">\n<div class=\"j83agx80 cbu4d94t ew0dbk1b irj2b8pg\">\n<div class=\"qzhwtbm6 knvmm38d\"><\/div>\n<div class=\"qzhwtbm6 knvmm38d\">O Senhor recolheu para Gl\u00f3ria o Presb\u00edtero Gerdy Cassius Gimenes Affonso. Nesse momento de dor, cremos que o Senhor est\u00e1 no controle e na dire\u00e7\u00e3o de todas as coisas.<\/div>\n<\/div>\n<\/div>\n<\/div>\n<div class=\"\" dir=\"auto\">\n<div class=\"\" dir=\"auto\">\n<div class=\"ecm0bbzt hv4rvrfc ihqw7lf3 dati1w0a\" data-ad-comet-preview=\"message\" data-ad-preview=\"message\">\n<div class=\"j83agx80 cbu4d94t ew0dbk1b irj2b8pg\">\n<div class=\"qzhwtbm6 knvmm38d\">\n<div class=\"kvgmc6g5 cxmmr5t8 oygrvhab hcukyx3x c1et5uql ii04i59q\" style=\"text-align: justify;\">\n<div dir=\"auto\">Oremos pela esposa Diaconisa Marli e os filhos Joiese e Eron.<\/div>\n<\/div>\n<div class=\"o9v6fnle cxmmr5t8 oygrvhab hcukyx3x c1et5uql ii04i59q\" style=\"text-align: justify;\">\n<div dir=\"auto\">Combati o bom combate, acabei a carreira, guardei a f\u00e9.<\/div>\n<div dir=\"auto\">&#8220;Desde agora, a coroa da justi\u00e7a me est\u00e1 guardada, a qual o Senhor, justo juiz, me dar\u00e1 naquele dia; e n\u00e3o somente a mim, mas tamb\u00e9m a todos os que amarem a sua vinda&#8221;.<\/div>\n<\/div>\n<div class=\"o9v6fnle cxmmr5t8 oygrvhab hcukyx3x c1et5uql ii04i59q\" style=\"text-align: justify;\">\n<div dir=\"auto\">(2 Tim\u00f3teo 4:7,8)<\/div>\n<div dir=\"auto\"><\/div>\n<\/div>\n<div dir=\"auto\" style=\"text-align: justify;\">O Site JZ se solidariza com os familiares e amigos neste dif\u00edcil momento.<\/div>\n<div dir=\"auto\"><\/div>\n<div dir=\"auto\"><img loading=\"lazy\" decoding=\"async\" class=\"alignnone size-full wp-image-46470\" src=\"https:\/\/jorgezanoni.com.br\/2019\/wp-content\/uploads\/2021\/04\/Gerdy.jpg\" alt=\"\" width=\"1280\" height=\"1279\" srcset=\"https:\/\/jorgezanoni.com.br\/2019\/wp-content\/uploads\/2021\/04\/Gerdy.jpg 1280w, https:\/\/jorgezanoni.com.br\/2019\/wp-content\/uploads\/2021\/04\/Gerdy-300x300.jpg 300w, https:\/\/jorgezanoni.com.br\/2019\/wp-content\/uploads\/2021\/04\/Gerdy-1024x1024.jpg 1024w, https:\/\/jorgezanoni.com.br\/2019\/wp-content\/uploads\/2021\/04\/Gerdy-150x150.jpg 150w, https:\/\/jorgezanoni.com.br\/2019\/wp-content\/uploads\/2021\/04\/Gerdy-768x767.jpg 768w, https:\/\/jorgezanoni.com.br\/2019\/wp-content\/uploads\/2021\/04\/Gerdy-696x695.jpg 696w, https:\/\/jorgezanoni.com.br\/2019\/wp-content\/uploads\/2021\/04\/Gerdy-1068x1067.jpg 1068w, https:\/\/jorgezanoni.com.br\/2019\/wp-content\/uploads\/2021\/04\/Gerdy-420x420.jpg 420w\" sizes=\"auto, (max-width: 1280px) 100vw, 1280px\" \/><\/div>\n<\/div>\n<\/div>\n<\/div>\n<\/div>\n<\/div>\n","protected":false},"excerpt":{"rendered":"<p>Comunicamos com pesar o falecimento de Gerdy Cassius Gimenes Affonso de 56 anos. Ele estava internado em tratamento de complica\u00e7\u00f5es da COVID. Deixa a esposa Marli Biscaino Botelho Affonso, secret\u00e1ria de assuntos jur\u00eddicos da Prefeitura de Dracena, filhos Joiese e Eron, demais familiares e amigos. Mensagem da Igreja Evang\u00e9lica de Dracena O Senhor recolheu para [&hellip;]<\/p>\n","protected":false},"author":1,"featured_media":46436,"comment_status":"closed","ping_status":"open","sticky":false,"template":"","format":"standard","meta":{"footnotes":""},"categories":[178,110],"tags":[],"class_list":["post-46435","post","type-post","status-publish","format-standard","has-post-thumbnail","hentry","category-notadefalecimento","category-noticiasdestaque"],"_links":{"self":[{"href":"https:\/\/jorgezanoni.com.br\/2019\/wp-json\/wp\/v2\/posts\/46435","targetHints":{"allow":["GET"]}}],"collection":[{"href":"https:\/\/jorgezanoni.com.br\/2019\/wp-json\/wp\/v2\/posts"}],"about":[{"href":"https:\/\/jorgezanoni.com.br\/2019\/wp-json\/wp\/v2\/types\/post"}],"author":[{"embeddable":true,"href":"https:\/\/jorgezanoni.com.br\/2019\/wp-json\/wp\/v2\/users\/1"}],"replies":[{"embeddable":true,"href":"https:\/\/jorgezanoni.com.br\/2019\/wp-json\/wp\/v2\/comments?post=46435"}],"version-history":[{"count":0,"href":"https:\/\/jorgezanoni.com.br\/2019\/wp-json\/wp\/v2\/posts\/46435\/revisions"}],"wp:featuredmedia":[{"embeddable":true,"href":"https:\/\/jorgezanoni.com.br\/2019\/wp-json\/wp\/v2\/media\/46436"}],"wp:attachment":[{"href":"https:\/\/jorgezanoni.com.br\/2019\/wp-json\/wp\/v2\/media?parent=46435"}],"wp:term":[{"taxonomy":"category","embeddable":true,"href":"https:\/\/jorgezanoni.com.br\/2019\/wp-json\/wp\/v2\/categories?post=46435"},{"taxonomy":"post_tag","embeddable":true,"href":"https:\/\/jorgezanoni.com.br\/2019\/wp-json\/wp\/v2\/tags?post=46435"}],"curies":[{"name":"wp","href":"https:\/\/api.w.org\/{rel}","templated":true}]}}