{"id":46432,"date":"2021-04-19T12:45:54","date_gmt":"2021-04-19T12:45:54","guid":{"rendered":"https:\/\/jorgezanoni.com.br\/2019\/?p=46432"},"modified":"2021-04-19T21:24:05","modified_gmt":"2021-04-19T21:24:05","slug":"morre-silveli-castro-moradora-de-dracena","status":"publish","type":"post","link":"https:\/\/jorgezanoni.com.br\/2019\/morre-silveli-castro-moradora-de-dracena\/","title":{"rendered":"Morre Silveli Castro moradora de Dracena"},"content":{"rendered":"<p style=\"text-align: justify;\">Comunicamos com pesar o falecimento de Silveli Castro de 55 anos. Ela estava internada em S\u00e3o Paulo em tratamento por complica\u00e7\u00f5es da COVID, e veio a \u00f3bito na manh\u00e3 desta segunda-feira (19).<\/p>\n<p>Deixa 2 filhos, demais familiares e amigos.<\/p>\n<p style=\"text-align: justify;\">O Site JZ se solidariza com os familiares e amigos neste dif\u00edcil momento.<\/p>\n<p><img loading=\"lazy\" decoding=\"async\" class=\"alignnone size-full wp-image-46467\" src=\"https:\/\/jorgezanoni.com.br\/2019\/wp-content\/uploads\/2021\/04\/Silveli.jpg\" alt=\"\" width=\"1280\" height=\"1279\" srcset=\"https:\/\/jorgezanoni.com.br\/2019\/wp-content\/uploads\/2021\/04\/Silveli.jpg 1280w, https:\/\/jorgezanoni.com.br\/2019\/wp-content\/uploads\/2021\/04\/Silveli-300x300.jpg 300w, https:\/\/jorgezanoni.com.br\/2019\/wp-content\/uploads\/2021\/04\/Silveli-1024x1024.jpg 1024w, https:\/\/jorgezanoni.com.br\/2019\/wp-content\/uploads\/2021\/04\/Silveli-150x150.jpg 150w, https:\/\/jorgezanoni.com.br\/2019\/wp-content\/uploads\/2021\/04\/Silveli-768x767.jpg 768w, https:\/\/jorgezanoni.com.br\/2019\/wp-content\/uploads\/2021\/04\/Silveli-696x695.jpg 696w, https:\/\/jorgezanoni.com.br\/2019\/wp-content\/uploads\/2021\/04\/Silveli-1068x1067.jpg 1068w, https:\/\/jorgezanoni.com.br\/2019\/wp-content\/uploads\/2021\/04\/Silveli-420x420.jpg 420w\" sizes=\"auto, (max-width: 1280px) 100vw, 1280px\" \/><\/p>\n<div class=\"kvgmc6g5 cxmmr5t8 oygrvhab hcukyx3x c1et5uql ii04i59q\"><\/div>\n<div class=\"o9v6fnle cxmmr5t8 oygrvhab hcukyx3x c1et5uql ii04i59q\">\n<div dir=\"auto\"><\/div>\n<\/div>\n","protected":false},"excerpt":{"rendered":"<p>Comunicamos com pesar o falecimento de Silveli Castro de 55 anos. Ela estava internada em S\u00e3o Paulo em tratamento por complica\u00e7\u00f5es da COVID, e veio a \u00f3bito na manh\u00e3 desta segunda-feira (19). Deixa 2 filhos, demais familiares e amigos. O Site JZ se solidariza com os familiares e amigos neste dif\u00edcil momento.<\/p>\n","protected":false},"author":1,"featured_media":46433,"comment_status":"closed","ping_status":"open","sticky":false,"template":"","format":"standard","meta":{"footnotes":""},"categories":[178,110],"tags":[],"class_list":["post-46432","post","type-post","status-publish","format-standard","has-post-thumbnail","hentry","category-notadefalecimento","category-noticiasdestaque"],"_links":{"self":[{"href":"https:\/\/jorgezanoni.com.br\/2019\/wp-json\/wp\/v2\/posts\/46432","targetHints":{"allow":["GET"]}}],"collection":[{"href":"https:\/\/jorgezanoni.com.br\/2019\/wp-json\/wp\/v2\/posts"}],"about":[{"href":"https:\/\/jorgezanoni.com.br\/2019\/wp-json\/wp\/v2\/types\/post"}],"author":[{"embeddable":true,"href":"https:\/\/jorgezanoni.com.br\/2019\/wp-json\/wp\/v2\/users\/1"}],"replies":[{"embeddable":true,"href":"https:\/\/jorgezanoni.com.br\/2019\/wp-json\/wp\/v2\/comments?post=46432"}],"version-history":[{"count":0,"href":"https:\/\/jorgezanoni.com.br\/2019\/wp-json\/wp\/v2\/posts\/46432\/revisions"}],"wp:featuredmedia":[{"embeddable":true,"href":"https:\/\/jorgezanoni.com.br\/2019\/wp-json\/wp\/v2\/media\/46433"}],"wp:attachment":[{"href":"https:\/\/jorgezanoni.com.br\/2019\/wp-json\/wp\/v2\/media?parent=46432"}],"wp:term":[{"taxonomy":"category","embeddable":true,"href":"https:\/\/jorgezanoni.com.br\/2019\/wp-json\/wp\/v2\/categories?post=46432"},{"taxonomy":"post_tag","embeddable":true,"href":"https:\/\/jorgezanoni.com.br\/2019\/wp-json\/wp\/v2\/tags?post=46432"}],"curies":[{"name":"wp","href":"https:\/\/api.w.org\/{rel}","templated":true}]}}