{"id":46411,"date":"2021-04-18T23:38:26","date_gmt":"2021-04-18T23:38:26","guid":{"rendered":"https:\/\/jorgezanoni.com.br\/2019\/?p=46411"},"modified":"2021-04-18T23:39:56","modified_gmt":"2021-04-18T23:39:56","slug":"morador-de-florida-paulista-morre-em-grave-acidente-entre-carro-e-caminhao-boiadeiro","status":"publish","type":"post","link":"https:\/\/jorgezanoni.com.br\/2019\/morador-de-florida-paulista-morre-em-grave-acidente-entre-carro-e-caminhao-boiadeiro\/","title":{"rendered":"Morador de Fl\u00f3rida Paulista morre em grave acidente entre carro e caminh\u00e3o boiadeiro"},"content":{"rendered":"<p style=\"text-align: justify;\">O floridense Jo\u00e3o Daniel Ovelar, 23 anos de idade, morreu em decorr\u00eancia de um grave acidente envolvendo o ve\u00edculo VW Gol que dirigia e um caminh\u00e3o boiadeiro.<\/p>\n<p style=\"text-align: justify;\"><a href=\"https:\/\/i1.wp.com\/ifolharegional.com.br\/wp-content\/uploads\/2021\/04\/ab41e54a-8c5f-42ba-95d6-92379d71b746.jpg?ssl=1\"><img loading=\"lazy\" decoding=\"async\" class=\"aligncenter size-full wp-image-36855 lazy loaded\" src=\"https:\/\/i1.wp.com\/ifolharegional.com.br\/wp-content\/uploads\/2021\/04\/ab41e54a-8c5f-42ba-95d6-92379d71b746.jpg?resize=606%2C682&amp;ssl=1\" sizes=\"auto, (max-width: 606px) 100vw, 606px\" srcset=\"https:\/\/i1.wp.com\/ifolharegional.com.br\/wp-content\/uploads\/2021\/04\/ab41e54a-8c5f-42ba-95d6-92379d71b746.jpg?w=606&amp;ssl=1 606w, https:\/\/i1.wp.com\/ifolharegional.com.br\/wp-content\/uploads\/2021\/04\/ab41e54a-8c5f-42ba-95d6-92379d71b746.jpg?resize=267%2C300&amp;ssl=1 267w\" alt=\"\" width=\"606\" height=\"682\" data-attachment-id=\"36855\" data-permalink=\"https:\/\/ifolharegional.com.br\/2021\/04\/18\/florida-acid1541d\/ab41e54a-8c5f-42ba-95d6-92379d71b746\/\" data-orig-file=\"https:\/\/i1.wp.com\/ifolharegional.com.br\/wp-content\/uploads\/2021\/04\/ab41e54a-8c5f-42ba-95d6-92379d71b746.jpg?fit=606%2C682&amp;ssl=1\" data-orig-size=\"606,682\" data-comments-opened=\"0\" data-image-meta=\"{&quot;aperture&quot;:&quot;0&quot;,&quot;credit&quot;:&quot;&quot;,&quot;camera&quot;:&quot;&quot;,&quot;caption&quot;:&quot;&quot;,&quot;created_timestamp&quot;:&quot;0&quot;,&quot;copyright&quot;:&quot;&quot;,&quot;focal_length&quot;:&quot;0&quot;,&quot;iso&quot;:&quot;0&quot;,&quot;shutter_speed&quot;:&quot;0&quot;,&quot;title&quot;:&quot;&quot;,&quot;orientation&quot;:&quot;0&quot;}\" data-image-title=\"ab41e54a-8c5f-42ba-95d6-92379d71b746\" data-image-description=\"\" data-medium-file=\"https:\/\/i1.wp.com\/ifolharegional.com.br\/wp-content\/uploads\/2021\/04\/ab41e54a-8c5f-42ba-95d6-92379d71b746.jpg?fit=267%2C300&amp;ssl=1\" data-large-file=\"https:\/\/i1.wp.com\/ifolharegional.com.br\/wp-content\/uploads\/2021\/04\/ab41e54a-8c5f-42ba-95d6-92379d71b746.jpg?fit=606%2C682&amp;ssl=1\" data-src=\"https:\/\/i1.wp.com\/ifolharegional.com.br\/wp-content\/uploads\/2021\/04\/ab41e54a-8c5f-42ba-95d6-92379d71b746.jpg?resize=606%2C682&amp;ssl=1\" data-srcset=\"https:\/\/i1.wp.com\/ifolharegional.com.br\/wp-content\/uploads\/2021\/04\/ab41e54a-8c5f-42ba-95d6-92379d71b746.jpg?w=606&amp;ssl=1 606w, https:\/\/i1.wp.com\/ifolharegional.com.br\/wp-content\/uploads\/2021\/04\/ab41e54a-8c5f-42ba-95d6-92379d71b746.jpg?resize=267%2C300&amp;ssl=1 267w\" data-sizes=\"(max-width: 606px) 100vw, 606px\" data-was-processed=\"true\" \/><\/a><\/p>\n<p style=\"text-align: justify;\">Segundo informa\u00e7\u00f5es cedidas por familiares \u00e0 reportagem do jornal e site Folha Regional, o acidente ocorreu na madrugada de hoje (18), no munic\u00edpio de Nova Andradina na regi\u00e3o de Nova Casa Verde.<\/p>\n<p style=\"text-align: justify;\">A colis\u00e3o frontal ocorreu no km 144 da BR-267 perto do Posto da Torre.<\/p>\n<p><a href=\"https:\/\/i0.wp.com\/ifolharegional.com.br\/wp-content\/uploads\/2021\/04\/center_1804d.jpg?ssl=1\"><img loading=\"lazy\" decoding=\"async\" class=\"aligncenter size-large wp-image-36854 lazy loaded\" src=\"https:\/\/i0.wp.com\/ifolharegional.com.br\/wp-content\/uploads\/2021\/04\/center_1804d.jpg?resize=720%2C446&amp;ssl=1\" sizes=\"auto, (max-width: 720px) 100vw, 720px\" srcset=\"https:\/\/i0.wp.com\/ifolharegional.com.br\/wp-content\/uploads\/2021\/04\/center_1804d.jpg?w=720&amp;ssl=1 720w, https:\/\/i0.wp.com\/ifolharegional.com.br\/wp-content\/uploads\/2021\/04\/center_1804d.jpg?resize=300%2C186&amp;ssl=1 300w\" alt=\"\" width=\"720\" height=\"446\" data-attachment-id=\"36854\" data-permalink=\"https:\/\/ifolharegional.com.br\/2021\/04\/18\/florida-acid1541d\/center_1804d\/\" data-orig-file=\"https:\/\/i0.wp.com\/ifolharegional.com.br\/wp-content\/uploads\/2021\/04\/center_1804d.jpg?fit=720%2C446&amp;ssl=1\" data-orig-size=\"720,446\" data-comments-opened=\"0\" data-image-meta=\"{&quot;aperture&quot;:&quot;0&quot;,&quot;credit&quot;:&quot;&quot;,&quot;camera&quot;:&quot;&quot;,&quot;caption&quot;:&quot;&quot;,&quot;created_timestamp&quot;:&quot;1618727991&quot;,&quot;copyright&quot;:&quot;&quot;,&quot;focal_length&quot;:&quot;0&quot;,&quot;iso&quot;:&quot;0&quot;,&quot;shutter_speed&quot;:&quot;0&quot;,&quot;title&quot;:&quot;&quot;,&quot;orientation&quot;:&quot;1&quot;}\" data-image-title=\"center_1804d\" data-image-description=\"\" data-medium-file=\"https:\/\/i0.wp.com\/ifolharegional.com.br\/wp-content\/uploads\/2021\/04\/center_1804d.jpg?fit=300%2C186&amp;ssl=1\" data-large-file=\"https:\/\/i0.wp.com\/ifolharegional.com.br\/wp-content\/uploads\/2021\/04\/center_1804d.jpg?fit=720%2C446&amp;ssl=1\" data-src=\"https:\/\/i0.wp.com\/ifolharegional.com.br\/wp-content\/uploads\/2021\/04\/center_1804d.jpg?resize=720%2C446&amp;ssl=1\" data-srcset=\"https:\/\/i0.wp.com\/ifolharegional.com.br\/wp-content\/uploads\/2021\/04\/center_1804d.jpg?w=720&amp;ssl=1 720w, https:\/\/i0.wp.com\/ifolharegional.com.br\/wp-content\/uploads\/2021\/04\/center_1804d.jpg?resize=300%2C186&amp;ssl=1 300w\" data-sizes=\"(max-width: 720px) 100vw, 720px\" data-was-processed=\"true\" \/><\/a><br \/>\nCom a viol\u00eancia do impacto, o ve\u00edculo VW Gol dirigido por Jo\u00e3o Daniel Ovelar que estava sozinho ficou completamente danificado e o jovem infelizmente ficou preso nas ferragens e morreu no local.<\/p>\n<p style=\"text-align: justify;\">O motorista do caminh\u00e3o n\u00e3o sofreu ferimentos.<\/p>\n<p style=\"text-align: justify;\">A ocorr\u00eancia mobilizou equipes da Pol\u00edcia Rodovi\u00e1ria Federal e o N\u00facleo de Per\u00edcias.<\/p>\n<p style=\"text-align: justify;\">O corpo de Jo\u00e3o Daniel ser\u00e1 sepultado em Ponta Por\u00e3.<\/p>\n<p style=\"text-align: justify;\">Fonte: Folha Regional &#8211; Fotos: Enviadas por internauta \/ Redes Sociais e Nova News<\/p>\n","protected":false},"excerpt":{"rendered":"<p>O floridense Jo\u00e3o Daniel Ovelar, 23 anos de idade, morreu em decorr\u00eancia de um grave acidente envolvendo o ve\u00edculo VW Gol que dirigia e um caminh\u00e3o boiadeiro. Segundo informa\u00e7\u00f5es cedidas por familiares \u00e0 reportagem do jornal e site Folha Regional, o acidente ocorreu na madrugada de hoje (18), no munic\u00edpio de Nova Andradina na regi\u00e3o [&hellip;]<\/p>\n","protected":false},"author":1,"featured_media":46412,"comment_status":"closed","ping_status":"open","sticky":false,"template":"","format":"standard","meta":{"footnotes":""},"categories":[170,110],"tags":[],"class_list":["post-46411","post","type-post","status-publish","format-standard","has-post-thumbnail","hentry","category-acidentes","category-noticiasdestaque"],"_links":{"self":[{"href":"https:\/\/jorgezanoni.com.br\/2019\/wp-json\/wp\/v2\/posts\/46411","targetHints":{"allow":["GET"]}}],"collection":[{"href":"https:\/\/jorgezanoni.com.br\/2019\/wp-json\/wp\/v2\/posts"}],"about":[{"href":"https:\/\/jorgezanoni.com.br\/2019\/wp-json\/wp\/v2\/types\/post"}],"author":[{"embeddable":true,"href":"https:\/\/jorgezanoni.com.br\/2019\/wp-json\/wp\/v2\/users\/1"}],"replies":[{"embeddable":true,"href":"https:\/\/jorgezanoni.com.br\/2019\/wp-json\/wp\/v2\/comments?post=46411"}],"version-history":[{"count":0,"href":"https:\/\/jorgezanoni.com.br\/2019\/wp-json\/wp\/v2\/posts\/46411\/revisions"}],"wp:featuredmedia":[{"embeddable":true,"href":"https:\/\/jorgezanoni.com.br\/2019\/wp-json\/wp\/v2\/media\/46412"}],"wp:attachment":[{"href":"https:\/\/jorgezanoni.com.br\/2019\/wp-json\/wp\/v2\/media?parent=46411"}],"wp:term":[{"taxonomy":"category","embeddable":true,"href":"https:\/\/jorgezanoni.com.br\/2019\/wp-json\/wp\/v2\/categories?post=46411"},{"taxonomy":"post_tag","embeddable":true,"href":"https:\/\/jorgezanoni.com.br\/2019\/wp-json\/wp\/v2\/tags?post=46411"}],"curies":[{"name":"wp","href":"https:\/\/api.w.org\/{rel}","templated":true}]}}