{"id":46350,"date":"2021-04-17T01:43:02","date_gmt":"2021-04-17T01:43:02","guid":{"rendered":"https:\/\/jorgezanoni.com.br\/2019\/?p=46350"},"modified":"2021-04-17T01:43:02","modified_gmt":"2021-04-17T01:43:02","slug":"boletim-atualizado-da-covid-19-da-secretaria-municipal-de-saude-de-dracena-16-04-21","status":"publish","type":"post","link":"https:\/\/jorgezanoni.com.br\/2019\/boletim-atualizado-da-covid-19-da-secretaria-municipal-de-saude-de-dracena-16-04-21\/","title":{"rendered":"Boletim atualizado da COVID-19 da Secretaria Municipal de Sa\u00fade de Dracena 16\/04\/21"},"content":{"rendered":"<div class=\"kvgmc6g5 cxmmr5t8 oygrvhab hcukyx3x c1et5uql ii04i59q\">\n<div dir=\"auto\">BOLETIM EPIDEMIOL\u00d3GICO COVID 19<\/div>\n<div dir=\"auto\">SEXTA-FEIRA, 16 DE ABRIL<\/div>\n<\/div>\n<div class=\"o9v6fnle cxmmr5t8 oygrvhab hcukyx3x c1et5uql ii04i59q\">\n<div dir=\"auto\">Suspeitos: 32<\/div>\n<div dir=\"auto\">Suspeitos domiciliar: 32<\/div>\n<div dir=\"auto\">Suspeitos hospitalar: 0<\/div>\n<div dir=\"auto\">Confirmados: 4.154<\/div>\n<div dir=\"auto\">Curados: 3872<\/div>\n<div dir=\"auto\">Isolamento domiciliar: 89<\/div>\n<div dir=\"auto\">Tratamento hospitalar: 7<\/div>\n<div dir=\"auto\">\u00d3bitos: 186<\/div>\n<\/div>\n<div class=\"o9v6fnle cxmmr5t8 oygrvhab hcukyx3x c1et5uql ii04i59q\">\n<div dir=\"auto\">ALERTA<\/div>\n<div dir=\"auto\">Nas \u00faltimas 24 horas: 14 novos casos<\/div>\n<div dir=\"auto\">Nas \u00faltimas 24 horas: 9 pacientes curados<\/div>\n<div dir=\"auto\"><\/div>\n<\/div>\n<div dir=\"auto\">Fonte: https:\/\/www.facebook.com\/prefeituradracena<\/div>\n","protected":false},"excerpt":{"rendered":"<p>BOLETIM EPIDEMIOL\u00d3GICO COVID 19 SEXTA-FEIRA, 16 DE ABRIL Suspeitos: 32 Suspeitos domiciliar: 32 Suspeitos hospitalar: 0 Confirmados: 4.154 Curados: 3872 Isolamento domiciliar: 89 Tratamento hospitalar: 7 \u00d3bitos: 186 ALERTA Nas \u00faltimas 24 horas: 14 novos casos Nas \u00faltimas 24 horas: 9 pacientes curados Fonte: https:\/\/www.facebook.com\/prefeituradracena<\/p>\n","protected":false},"author":1,"featured_media":46351,"comment_status":"closed","ping_status":"open","sticky":false,"template":"","format":"standard","meta":{"footnotes":""},"categories":[179,184,110],"tags":[],"class_list":["post-46350","post","type-post","status-publish","format-standard","has-post-thumbnail","hentry","category-cidadeseregiao","category-dracena","category-noticiasdestaque"],"_links":{"self":[{"href":"https:\/\/jorgezanoni.com.br\/2019\/wp-json\/wp\/v2\/posts\/46350","targetHints":{"allow":["GET"]}}],"collection":[{"href":"https:\/\/jorgezanoni.com.br\/2019\/wp-json\/wp\/v2\/posts"}],"about":[{"href":"https:\/\/jorgezanoni.com.br\/2019\/wp-json\/wp\/v2\/types\/post"}],"author":[{"embeddable":true,"href":"https:\/\/jorgezanoni.com.br\/2019\/wp-json\/wp\/v2\/users\/1"}],"replies":[{"embeddable":true,"href":"https:\/\/jorgezanoni.com.br\/2019\/wp-json\/wp\/v2\/comments?post=46350"}],"version-history":[{"count":0,"href":"https:\/\/jorgezanoni.com.br\/2019\/wp-json\/wp\/v2\/posts\/46350\/revisions"}],"wp:featuredmedia":[{"embeddable":true,"href":"https:\/\/jorgezanoni.com.br\/2019\/wp-json\/wp\/v2\/media\/46351"}],"wp:attachment":[{"href":"https:\/\/jorgezanoni.com.br\/2019\/wp-json\/wp\/v2\/media?parent=46350"}],"wp:term":[{"taxonomy":"category","embeddable":true,"href":"https:\/\/jorgezanoni.com.br\/2019\/wp-json\/wp\/v2\/categories?post=46350"},{"taxonomy":"post_tag","embeddable":true,"href":"https:\/\/jorgezanoni.com.br\/2019\/wp-json\/wp\/v2\/tags?post=46350"}],"curies":[{"name":"wp","href":"https:\/\/api.w.org\/{rel}","templated":true}]}}