{"id":46347,"date":"2021-04-16T22:06:18","date_gmt":"2021-04-16T22:06:18","guid":{"rendered":"https:\/\/jorgezanoni.com.br\/2019\/?p=46347"},"modified":"2021-04-16T22:06:18","modified_gmt":"2021-04-16T22:06:18","slug":"policia-rodoviaria-registra-capotamento-de-veiculo-na-sp-425-em-parapua","status":"publish","type":"post","link":"https:\/\/jorgezanoni.com.br\/2019\/policia-rodoviaria-registra-capotamento-de-veiculo-na-sp-425-em-parapua\/","title":{"rendered":"Pol\u00edcia Rodovi\u00e1ria registra capotamento de ve\u00edculo na SP-425 em Parapu\u00e3"},"content":{"rendered":"<header class=\"entry-header\"><\/header>\n<div class=\"below-entry-meta\" style=\"text-align: justify;\">O policiamento rodovi\u00e1ria da base operacional de Tup\u00e3, registrou na tarde desta sexta-feira (16), um capotamento de ve\u00edculo na rodovia Assis Chateaubriand, SP-425, em Parapu\u00e3.<\/div>\n<div class=\"entry-content clearfix\">\n<p style=\"text-align: justify;\">Segundo informa\u00e7\u00f5es, um ve\u00edculo Fiat\/Uno, Mille, com placas de Ara\u00e7atuba, que seguia sentido Martin\u00f3polis a Rin\u00f3polis, ao alcan\u00e7ar o Km 367, o condutor perdeu o controle da dire\u00e7\u00e3o, vindo a capotar.<\/p>\n<p style=\"text-align: justify;\">O grupamento de socorro do Corpo de Bombeiro de Osvaldo Cruz, foi acionado, mas pelo local n\u00e3o encontraram o condutor do ve\u00edculo, que possivelmente foi socorrido por terceiros.<\/p>\n<p style=\"text-align: justify;\">Uma equipe do Departamento de Estradas de Rodagem (DER), trabalhou controlando o transito e recolhendo o ve\u00edculo do local.<\/p>\n<p style=\"text-align: justify;\">Foto: CNNEWS<\/p>\n<p style=\"text-align: justify;\">\n<\/div>\n","protected":false},"excerpt":{"rendered":"<p>O policiamento rodovi\u00e1ria da base operacional de Tup\u00e3, registrou na tarde desta sexta-feira (16), um capotamento de ve\u00edculo na rodovia Assis Chateaubriand, SP-425, em Parapu\u00e3. Segundo informa\u00e7\u00f5es, um ve\u00edculo Fiat\/Uno, Mille, com placas de Ara\u00e7atuba, que seguia sentido Martin\u00f3polis a Rin\u00f3polis, ao alcan\u00e7ar o Km 367, o condutor perdeu o controle da dire\u00e7\u00e3o, vindo a [&hellip;]<\/p>\n","protected":false},"author":1,"featured_media":46348,"comment_status":"closed","ping_status":"open","sticky":false,"template":"","format":"standard","meta":{"footnotes":""},"categories":[170,110],"tags":[],"class_list":["post-46347","post","type-post","status-publish","format-standard","has-post-thumbnail","hentry","category-acidentes","category-noticiasdestaque"],"_links":{"self":[{"href":"https:\/\/jorgezanoni.com.br\/2019\/wp-json\/wp\/v2\/posts\/46347","targetHints":{"allow":["GET"]}}],"collection":[{"href":"https:\/\/jorgezanoni.com.br\/2019\/wp-json\/wp\/v2\/posts"}],"about":[{"href":"https:\/\/jorgezanoni.com.br\/2019\/wp-json\/wp\/v2\/types\/post"}],"author":[{"embeddable":true,"href":"https:\/\/jorgezanoni.com.br\/2019\/wp-json\/wp\/v2\/users\/1"}],"replies":[{"embeddable":true,"href":"https:\/\/jorgezanoni.com.br\/2019\/wp-json\/wp\/v2\/comments?post=46347"}],"version-history":[{"count":0,"href":"https:\/\/jorgezanoni.com.br\/2019\/wp-json\/wp\/v2\/posts\/46347\/revisions"}],"wp:featuredmedia":[{"embeddable":true,"href":"https:\/\/jorgezanoni.com.br\/2019\/wp-json\/wp\/v2\/media\/46348"}],"wp:attachment":[{"href":"https:\/\/jorgezanoni.com.br\/2019\/wp-json\/wp\/v2\/media?parent=46347"}],"wp:term":[{"taxonomy":"category","embeddable":true,"href":"https:\/\/jorgezanoni.com.br\/2019\/wp-json\/wp\/v2\/categories?post=46347"},{"taxonomy":"post_tag","embeddable":true,"href":"https:\/\/jorgezanoni.com.br\/2019\/wp-json\/wp\/v2\/tags?post=46347"}],"curies":[{"name":"wp","href":"https:\/\/api.w.org\/{rel}","templated":true}]}}