{"id":46339,"date":"2021-04-16T21:41:17","date_gmt":"2021-04-16T21:41:17","guid":{"rendered":"https:\/\/jorgezanoni.com.br\/2019\/?p=46339"},"modified":"2021-04-16T21:42:16","modified_gmt":"2021-04-16T21:42:16","slug":"secretaria-de-saude-de-dracena-aleta-para-fake-news-usando-o-nome-da-cidade","status":"publish","type":"post","link":"https:\/\/jorgezanoni.com.br\/2019\/secretaria-de-saude-de-dracena-aleta-para-fake-news-usando-o-nome-da-cidade\/","title":{"rendered":"Secretaria de Sa\u00fade de Dracena alerta para Fake News usando o nome da cidade"},"content":{"rendered":"<p style=\"font-weight: 400; text-align: justify;\"><strong>Circula pela rede social a imagem de uma mulher \u2013 com uma legenda informando:\u00a0<em>Crian\u00e7as s\u00e3o vacinadas por engano em Dracena \u2013 Elas deveriam ter tomado a vacina da gripe, mas receberam a da covid 19.<\/em><\/strong><\/p>\n<p style=\"font-weight: 400; text-align: justify;\">A enfermeira Karina Akiyama, respons\u00e1vel pela Vigil\u00e2ncia Epidemiol\u00f3gica de Dracena, respons\u00e1vel pela realiza\u00e7\u00e3o das campanhas de vacina\u00e7\u00e3o na cidade, esclarece que tal informa\u00e7\u00e3o \u00e9 fake news e que dever\u00e1 ser apurada a responsabilidade de quem est\u00e1 divulgando o material. \u201cJustamente para termos todo cuidado com a rela\u00e7\u00e3o \u00e0s vacina\u00e7\u00f5es, n\u00e3o estamos realizando a vacina de covid na Sala de Vacina (Policl\u00ednica), onde \u00e9 o local que estamos vacinando as crian\u00e7as\u201d.<\/p>\n<p style=\"font-weight: 400; text-align: justify;\">Ressaltamos que os postos de vacina\u00e7\u00f5es das duas campanhas na cidade s\u00e3o distintos, portanto as crian\u00e7as s\u00e3o vacinadas na Policl\u00ednica, e, o p\u00fablico contemplado com a vacina de covid em outros postos.<\/p>\n<p style=\"font-weight: 400; text-align: justify;\">A Diretoria de Comunica\u00e7\u00e3o da Prefeitura verificou na internet, e constatou que a mulher que aparece na foto cuja legenda faz refer\u00eancia a Dracena, que trata-se de Rejane Calixto, secret\u00e1ria de Sa\u00fade de Diadema. Ela concedeu entrevista ao Bom Dia S\u00e3o Paulo, na manh\u00e3 desta sexta-feira, relatando a situa\u00e7\u00e3o onde 5 crian\u00e7as foram vacinadas contra covid em Diadema, na Grande S\u00e3o Paulo.<\/p>\n<p style=\"text-align: justify;\"><img loading=\"lazy\" decoding=\"async\" class=\"alignnone size-full wp-image-46340\" src=\"https:\/\/jorgezanoni.com.br\/2019\/wp-content\/uploads\/2021\/04\/fake.jpg\" alt=\"\" width=\"1280\" height=\"784\" srcset=\"https:\/\/jorgezanoni.com.br\/2019\/wp-content\/uploads\/2021\/04\/fake.jpg 1280w, https:\/\/jorgezanoni.com.br\/2019\/wp-content\/uploads\/2021\/04\/fake-300x184.jpg 300w, https:\/\/jorgezanoni.com.br\/2019\/wp-content\/uploads\/2021\/04\/fake-1024x627.jpg 1024w, https:\/\/jorgezanoni.com.br\/2019\/wp-content\/uploads\/2021\/04\/fake-768x470.jpg 768w, https:\/\/jorgezanoni.com.br\/2019\/wp-content\/uploads\/2021\/04\/fake-696x426.jpg 696w, https:\/\/jorgezanoni.com.br\/2019\/wp-content\/uploads\/2021\/04\/fake-1068x654.jpg 1068w, https:\/\/jorgezanoni.com.br\/2019\/wp-content\/uploads\/2021\/04\/fake-686x420.jpg 686w\" sizes=\"auto, (max-width: 1280px) 100vw, 1280px\" \/>Essa foto sofreu uma altera\u00e7\u00e3o na legenda \u2013 \u00e9 uma montagem<\/p>\n<p style=\"text-align: justify;\"><img loading=\"lazy\" decoding=\"async\" class=\"alignnone size-full wp-image-46341\" src=\"https:\/\/jorgezanoni.com.br\/2019\/wp-content\/uploads\/2021\/04\/fake1.png\" alt=\"\" width=\"1250\" height=\"503\" srcset=\"https:\/\/jorgezanoni.com.br\/2019\/wp-content\/uploads\/2021\/04\/fake1.png 1250w, https:\/\/jorgezanoni.com.br\/2019\/wp-content\/uploads\/2021\/04\/fake1-300x121.png 300w, https:\/\/jorgezanoni.com.br\/2019\/wp-content\/uploads\/2021\/04\/fake1-1024x412.png 1024w, https:\/\/jorgezanoni.com.br\/2019\/wp-content\/uploads\/2021\/04\/fake1-768x309.png 768w, https:\/\/jorgezanoni.com.br\/2019\/wp-content\/uploads\/2021\/04\/fake1-696x280.png 696w, https:\/\/jorgezanoni.com.br\/2019\/wp-content\/uploads\/2021\/04\/fake1-1068x430.png 1068w, https:\/\/jorgezanoni.com.br\/2019\/wp-content\/uploads\/2021\/04\/fake1-1044x420.png 1044w\" sizes=\"auto, (max-width: 1250px) 100vw, 1250px\" \/>A imagem verdadeira \u00e9 esta!<\/p>\n<p style=\"text-align: justify;\"><img loading=\"lazy\" decoding=\"async\" class=\"alignnone size-full wp-image-46342\" src=\"https:\/\/jorgezanoni.com.br\/2019\/wp-content\/uploads\/2021\/04\/fake2.png\" alt=\"\" width=\"1307\" height=\"498\" srcset=\"https:\/\/jorgezanoni.com.br\/2019\/wp-content\/uploads\/2021\/04\/fake2.png 1307w, https:\/\/jorgezanoni.com.br\/2019\/wp-content\/uploads\/2021\/04\/fake2-300x114.png 300w, https:\/\/jorgezanoni.com.br\/2019\/wp-content\/uploads\/2021\/04\/fake2-1024x390.png 1024w, https:\/\/jorgezanoni.com.br\/2019\/wp-content\/uploads\/2021\/04\/fake2-768x293.png 768w, https:\/\/jorgezanoni.com.br\/2019\/wp-content\/uploads\/2021\/04\/fake2-696x265.png 696w, https:\/\/jorgezanoni.com.br\/2019\/wp-content\/uploads\/2021\/04\/fake2-1068x407.png 1068w, https:\/\/jorgezanoni.com.br\/2019\/wp-content\/uploads\/2021\/04\/fake2-1102x420.png 1102w\" sizes=\"auto, (max-width: 1307px) 100vw, 1307px\" \/>CUIDADO COM AS FAKE NEWS \u2013 \u00c9 CRIME QUEM CRIA E COMETE CRIME AQUELES QUE TAMB\u00c9M REPLICAM A INFORMA\u00c7\u00c3O!<\/p>\n<p style=\"font-weight: 400; text-align: justify;\">BUSQUE INFORMA\u00c7\u00d5ES EM CANAIS OFICIAIS DE NOT\u00cdCIAS!<\/p>\n","protected":false},"excerpt":{"rendered":"<p>Circula pela rede social a imagem de uma mulher \u2013 com uma legenda informando:\u00a0Crian\u00e7as s\u00e3o vacinadas por engano em Dracena \u2013 Elas deveriam ter tomado a vacina da gripe, mas receberam a da covid 19. A enfermeira Karina Akiyama, respons\u00e1vel pela Vigil\u00e2ncia Epidemiol\u00f3gica de Dracena, respons\u00e1vel pela realiza\u00e7\u00e3o das campanhas de vacina\u00e7\u00e3o na cidade, esclarece [&hellip;]<\/p>\n","protected":false},"author":1,"featured_media":46343,"comment_status":"closed","ping_status":"open","sticky":false,"template":"","format":"standard","meta":{"footnotes":""},"categories":[179,184,110],"tags":[],"class_list":["post-46339","post","type-post","status-publish","format-standard","has-post-thumbnail","hentry","category-cidadeseregiao","category-dracena","category-noticiasdestaque"],"_links":{"self":[{"href":"https:\/\/jorgezanoni.com.br\/2019\/wp-json\/wp\/v2\/posts\/46339","targetHints":{"allow":["GET"]}}],"collection":[{"href":"https:\/\/jorgezanoni.com.br\/2019\/wp-json\/wp\/v2\/posts"}],"about":[{"href":"https:\/\/jorgezanoni.com.br\/2019\/wp-json\/wp\/v2\/types\/post"}],"author":[{"embeddable":true,"href":"https:\/\/jorgezanoni.com.br\/2019\/wp-json\/wp\/v2\/users\/1"}],"replies":[{"embeddable":true,"href":"https:\/\/jorgezanoni.com.br\/2019\/wp-json\/wp\/v2\/comments?post=46339"}],"version-history":[{"count":0,"href":"https:\/\/jorgezanoni.com.br\/2019\/wp-json\/wp\/v2\/posts\/46339\/revisions"}],"wp:featuredmedia":[{"embeddable":true,"href":"https:\/\/jorgezanoni.com.br\/2019\/wp-json\/wp\/v2\/media\/46343"}],"wp:attachment":[{"href":"https:\/\/jorgezanoni.com.br\/2019\/wp-json\/wp\/v2\/media?parent=46339"}],"wp:term":[{"taxonomy":"category","embeddable":true,"href":"https:\/\/jorgezanoni.com.br\/2019\/wp-json\/wp\/v2\/categories?post=46339"},{"taxonomy":"post_tag","embeddable":true,"href":"https:\/\/jorgezanoni.com.br\/2019\/wp-json\/wp\/v2\/tags?post=46339"}],"curies":[{"name":"wp","href":"https:\/\/api.w.org\/{rel}","templated":true}]}}