{"id":46335,"date":"2021-04-16T19:52:00","date_gmt":"2021-04-16T19:52:00","guid":{"rendered":"https:\/\/jorgezanoni.com.br\/2019\/?p=46335"},"modified":"2021-04-16T19:52:00","modified_gmt":"2021-04-16T19:52:00","slug":"a-partir-de-segunda-feira-poderao-ser-retomadas-as-aulas-presenciais-em-escolas-estaduais-e-privadas-de-dracena","status":"publish","type":"post","link":"https:\/\/jorgezanoni.com.br\/2019\/a-partir-de-segunda-feira-poderao-ser-retomadas-as-aulas-presenciais-em-escolas-estaduais-e-privadas-de-dracena\/","title":{"rendered":"A partir de segunda-feira poder\u00e3o ser retomadas as aulas presenciais em Escolas Estaduais e Privadas de Dracena"},"content":{"rendered":"<p style=\"text-align: justify;\">DECRETO N\u00ba 7.419 &#8211; DE 16 DE ABRIL DE 2021.<br \/>\nDisp\u00f5e sobre a retomada das aulas e atividades presenciais, no contexto da pandemia de COVID-19 e d\u00e1 provid\u00eancias correlatas.<\/p>\n<p style=\"text-align: justify;\">ANDR\u00c9 KOZAN LEMOS, Prefeito Municipal de Dracena, Estado de S\u00e3o Paulo, usando das atribui\u00e7\u00f5es que lhe s\u00e3o conferidas por lei, e<\/p>\n<p style=\"text-align: justify;\">CONSIDERANDO o disposto no Decreto Estadual n\u00ba 65.384, de 17 de dezembro de 2020, que disp\u00f5e sobre a retomada das aulas e atividades presenciais, no contexto da pandemia de COVID-19, e d\u00e1 provid\u00eancias correlatas;<\/p>\n<p style=\"text-align: justify;\">CONSIDERANDO o disposto no Decreto Estadual n\u00ba 65.597 de 26 de mar\u00e7o de 2021, que reconheceu como essencial as atividades de ensino desenvolvidas pela rede p\u00fablica e privada de ensino;<\/p>\n<p style=\"text-align: justify;\">CONSIDERANDO que o Decreto Estadual n\u00ba 65.563, de 11 de mar\u00e7o de 2021, diz que as aulas e demais atividades presenciais no \u00e2mbito da rede p\u00fablica estadual de ensino, bem como no \u00e2mbito das institui\u00e7\u00f5es privadas de ensino, observar\u00e3o as disposi\u00e7\u00f5es do Decreto n\u00ba 65.384, de 17 de dezembro de 2020, aplic\u00e1veis a fase vermelha de classifica\u00e7\u00e3o do Plano S\u00e3o Paulo e poss\u00edveis regulamenta\u00e7\u00f5es feitas pela Secretaria Estadual de Educa\u00e7\u00e3o;<\/p>\n<p style=\"text-align: justify;\">D E C R E T A :<\/p>\n<p style=\"text-align: justify;\">Art. 1\u00ba &#8211; As aulas presenciais nas unidades de educa\u00e7\u00e3o b\u00e1sica e superior da rede estadual e particular poder\u00e3o retornar a partir 19 de abril de 2021.<\/p>\n<p style=\"text-align: justify;\">Art. 2\u00ba &#8211; As Unidades Escolares estaduais e privadas ficam autorizadas a retomar as atividades presenciais seguindo todas as diretrizes do<br \/>\nPlano S\u00e3o Paulo aplic\u00e1veis a fase vermelha, bem como o disposto no Decreto Estadual n\u00ba Decreto n\u00ba 65.384, de 17 de dezembro de 2020.<\/p>\n<p style=\"text-align: justify;\">Art. 3\u00ba &#8211; Todas as Institui\u00e7\u00f5es de Ensino Superior e Educa\u00e7\u00e3o Profissional do Munic\u00edpio, nas condi\u00e7\u00f5es previstas no Decreto Estadual, ficam autorizadas a retomarem as atividades presenciais seguindo todas as diretrizes do Plano S\u00e3o Paulo.<\/p>\n<p style=\"text-align: justify;\">Art. 4\u00ba &#8211; Fica revogado o Decreto n\u00ba 7.390, de 15 de fevereiro de 2021.<\/p>\n<p style=\"text-align: justify;\">Art. 5\u00ba &#8211; Este Decreto entrar\u00e1 em vigor na data de sua publica\u00e7\u00e3o.<\/p>\n<p style=\"text-align: justify;\">ANDR\u00c9 KOZAN LEMOS<br \/>\nPrefeito Municipal<\/p>\n<p style=\"text-align: justify;\">Registrado e publicado por afixa\u00e7\u00e3o, no lugar p\u00fablico do costume desta Prefeitura e no Di\u00e1rio Oficial do Munic\u00edpio.<\/p>\n<p style=\"text-align: justify;\">Dracena, data supra.<\/p>\n<p style=\"text-align: justify;\">MARLI BISCAINO BOTELHO AFFONSO<br \/>\nSecret\u00e1ria de Assuntos Jur\u00eddicos<\/p>\n<p>Imagem Ilustrativa<\/p>\n","protected":false},"excerpt":{"rendered":"<p>DECRETO N\u00ba 7.419 &#8211; DE 16 DE ABRIL DE 2021. Disp\u00f5e sobre a retomada das aulas e atividades presenciais, no contexto da pandemia de COVID-19 e d\u00e1 provid\u00eancias correlatas. ANDR\u00c9 KOZAN LEMOS, Prefeito Municipal de Dracena, Estado de S\u00e3o Paulo, usando das atribui\u00e7\u00f5es que lhe s\u00e3o conferidas por lei, e CONSIDERANDO o disposto no Decreto [&hellip;]<\/p>\n","protected":false},"author":1,"featured_media":46336,"comment_status":"closed","ping_status":"open","sticky":false,"template":"","format":"standard","meta":{"footnotes":""},"categories":[110,122],"tags":[],"class_list":["post-46335","post","type-post","status-publish","format-standard","has-post-thumbnail","hentry","category-noticiasdestaque","category-saudeeducacaoeconcurso"],"_links":{"self":[{"href":"https:\/\/jorgezanoni.com.br\/2019\/wp-json\/wp\/v2\/posts\/46335","targetHints":{"allow":["GET"]}}],"collection":[{"href":"https:\/\/jorgezanoni.com.br\/2019\/wp-json\/wp\/v2\/posts"}],"about":[{"href":"https:\/\/jorgezanoni.com.br\/2019\/wp-json\/wp\/v2\/types\/post"}],"author":[{"embeddable":true,"href":"https:\/\/jorgezanoni.com.br\/2019\/wp-json\/wp\/v2\/users\/1"}],"replies":[{"embeddable":true,"href":"https:\/\/jorgezanoni.com.br\/2019\/wp-json\/wp\/v2\/comments?post=46335"}],"version-history":[{"count":0,"href":"https:\/\/jorgezanoni.com.br\/2019\/wp-json\/wp\/v2\/posts\/46335\/revisions"}],"wp:featuredmedia":[{"embeddable":true,"href":"https:\/\/jorgezanoni.com.br\/2019\/wp-json\/wp\/v2\/media\/46336"}],"wp:attachment":[{"href":"https:\/\/jorgezanoni.com.br\/2019\/wp-json\/wp\/v2\/media?parent=46335"}],"wp:term":[{"taxonomy":"category","embeddable":true,"href":"https:\/\/jorgezanoni.com.br\/2019\/wp-json\/wp\/v2\/categories?post=46335"},{"taxonomy":"post_tag","embeddable":true,"href":"https:\/\/jorgezanoni.com.br\/2019\/wp-json\/wp\/v2\/tags?post=46335"}],"curies":[{"name":"wp","href":"https:\/\/api.w.org\/{rel}","templated":true}]}}