{"id":46328,"date":"2021-04-16T18:43:41","date_gmt":"2021-04-16T18:43:41","guid":{"rendered":"https:\/\/jorgezanoni.com.br\/2019\/?p=46328"},"modified":"2021-04-16T18:43:41","modified_gmt":"2021-04-16T18:43:41","slug":"doenca-de-parkinson-por-cidinha-pascoaloto","status":"publish","type":"post","link":"https:\/\/jorgezanoni.com.br\/2019\/doenca-de-parkinson-por-cidinha-pascoaloto\/","title":{"rendered":"Doen\u00e7a de Parkinson (por Cidinha Pascoaloto)"},"content":{"rendered":"<p><strong>Doen\u00e7a de Parkinson<\/strong><\/p>\n<p style=\"text-align: justify;\">\u00a0\u00c8 um dist\u00farbio do sistema nervoso central que \u00e9 respons\u00e1vel por receber e transmitir informa\u00e7\u00f5es para todo o organismo. \u00c9 causado por envelhecimento das c\u00e9lulas nervosas do c\u00e9rebro causando a diminui\u00e7\u00e3o dos n\u00edveis de dopamina, a doen\u00e7a afeta pessoas na idade de 60 anos, mas pode acometer pessoas jovens tamb\u00e9m.<\/p>\n<p style=\"text-align: justify;\">\u00a0O mal de Parkinson \u00e9 uma doen\u00e7a cronica e progressiva tem in\u00edcio muitas vezes com tremores nas m\u00e3os, expres\u00e3o facial reduzida, movimentos lentos, rigidez e perda de equil\u00edbrio. Existem medicamentos para controle da doen\u00e7a. Mas \u00a0n\u00e3o existe\u00a0 tratamento para a cura.<\/p>\n<p style=\"text-align: justify;\">\u00a0\u00c8 necess\u00e1rio uma avalia\u00e7\u00e3o neurol\u00f3gica para diagn\u00f3stico m\u00e9dico, com exames imagens e an\u00e1lises laboratoriais. Com tratamento adequado e pequenas adapta\u00e7\u00f5es na rotina muitos pacientes conseguem viver bem e exercer suas atividades normalmente e inclusive as profissionais.<\/p>\n<p style=\"text-align: justify;\">\u00a0A ci\u00eancia evoluiu ao ponto de permitir que os sintomas sejam controlados prolongando as oportunidades de conviver socialmente, manter a independ\u00eancia e continuar produtivo.<\/p>\n<p style=\"text-align: justify;\">\u00a0 Os familiares e amigos precisam estar cientes de que \u00e9 natural que essas pessoas reduzam o ritmo de suas atividades, como se levantar de uma cadeira, pegar um objeto ou fazer uma refei\u00e7\u00e3o.<\/p>\n<p style=\"text-align: justify;\">Paci\u00eancia e compreens\u00e3o fazem parte dos cuidados com o paciente.<\/p>\n<p style=\"text-align: justify;\">O tremor pode levar o paciente ao isolamento social por receio de julgamentos de outras pessoas.<\/p>\n<p style=\"text-align: justify;\">O afastamento social geralmente desencadeia um quadro de ansiedade e pode surgir como consequ\u00eancia a depress\u00e3o. Nesse est\u00e1gio \u00e9 muito importante um acompanhamento com um Psic\u00f3logo que ajudar\u00e1 na ades\u00e3o do uso dos medicamentos que devem ser seguidos \u00e0 risca, para que o Parkinson n\u00e3o tenha uma evolu\u00e7\u00e3o desfavor\u00e1vel.<\/p>\n<p style=\"text-align: justify;\">O paciente tamb\u00e9m precisa colaborar com o tratamento melhorando sua rotina como dormir bem, praticar atividade f\u00edsica de acordo com sua capacidade durante meia hora, pelo menos tr\u00eas vezes por semana. Com essas orienta\u00e7\u00f5es em mente, as perspectivas de uma vida longa e saud\u00e1vel s\u00e3o bem grandes.<\/p>\n<p><img loading=\"lazy\" decoding=\"async\" class=\"alignnone size-full wp-image-46329\" src=\"https:\/\/jorgezanoni.com.br\/2019\/wp-content\/uploads\/2021\/04\/Cidinha-1-2-2.jpg\" alt=\"\" width=\"612\" height=\"1136\" srcset=\"https:\/\/jorgezanoni.com.br\/2019\/wp-content\/uploads\/2021\/04\/Cidinha-1-2-2.jpg 612w, https:\/\/jorgezanoni.com.br\/2019\/wp-content\/uploads\/2021\/04\/Cidinha-1-2-2-162x300.jpg 162w, https:\/\/jorgezanoni.com.br\/2019\/wp-content\/uploads\/2021\/04\/Cidinha-1-2-2-552x1024.jpg 552w, https:\/\/jorgezanoni.com.br\/2019\/wp-content\/uploads\/2021\/04\/Cidinha-1-2-2-226x420.jpg 226w\" sizes=\"auto, (max-width: 612px) 100vw, 612px\" \/><\/p>\n<p style=\"text-align: justify;\">Cidinha Pascoaloto \u2013 Psic\u00f3loga -CRP 06\/158174 Terapia cognitivo Comportamental (TCC)Atendimento on-line, contato: (18) 99725-64<\/p>\n","protected":false},"excerpt":{"rendered":"<p>Doen\u00e7a de Parkinson \u00a0\u00c8 um dist\u00farbio do sistema nervoso central que \u00e9 respons\u00e1vel por receber e transmitir informa\u00e7\u00f5es para todo o organismo. \u00c9 causado por envelhecimento das c\u00e9lulas nervosas do c\u00e9rebro causando a diminui\u00e7\u00e3o dos n\u00edveis de dopamina, a doen\u00e7a afeta pessoas na idade de 60 anos, mas pode acometer pessoas jovens tamb\u00e9m. \u00a0O mal [&hellip;]<\/p>\n","protected":false},"author":1,"featured_media":46330,"comment_status":"closed","ping_status":"open","sticky":false,"template":"","format":"standard","meta":{"footnotes":""},"categories":[175],"tags":[],"class_list":["post-46328","post","type-post","status-publish","format-standard","has-post-thumbnail","hentry","category-artigos"],"_links":{"self":[{"href":"https:\/\/jorgezanoni.com.br\/2019\/wp-json\/wp\/v2\/posts\/46328","targetHints":{"allow":["GET"]}}],"collection":[{"href":"https:\/\/jorgezanoni.com.br\/2019\/wp-json\/wp\/v2\/posts"}],"about":[{"href":"https:\/\/jorgezanoni.com.br\/2019\/wp-json\/wp\/v2\/types\/post"}],"author":[{"embeddable":true,"href":"https:\/\/jorgezanoni.com.br\/2019\/wp-json\/wp\/v2\/users\/1"}],"replies":[{"embeddable":true,"href":"https:\/\/jorgezanoni.com.br\/2019\/wp-json\/wp\/v2\/comments?post=46328"}],"version-history":[{"count":0,"href":"https:\/\/jorgezanoni.com.br\/2019\/wp-json\/wp\/v2\/posts\/46328\/revisions"}],"wp:featuredmedia":[{"embeddable":true,"href":"https:\/\/jorgezanoni.com.br\/2019\/wp-json\/wp\/v2\/media\/46330"}],"wp:attachment":[{"href":"https:\/\/jorgezanoni.com.br\/2019\/wp-json\/wp\/v2\/media?parent=46328"}],"wp:term":[{"taxonomy":"category","embeddable":true,"href":"https:\/\/jorgezanoni.com.br\/2019\/wp-json\/wp\/v2\/categories?post=46328"},{"taxonomy":"post_tag","embeddable":true,"href":"https:\/\/jorgezanoni.com.br\/2019\/wp-json\/wp\/v2\/tags?post=46328"}],"curies":[{"name":"wp","href":"https:\/\/api.w.org\/{rel}","templated":true}]}}