{"id":46309,"date":"2021-04-16T01:54:59","date_gmt":"2021-04-16T01:54:59","guid":{"rendered":"https:\/\/jorgezanoni.com.br\/2019\/?p=46309"},"modified":"2021-04-16T01:56:49","modified_gmt":"2021-04-16T01:56:49","slug":"boletim-atualizado-da-covid-19-da-secretaria-municipal-de-saude-de-dracena-15","status":"publish","type":"post","link":"https:\/\/jorgezanoni.com.br\/2019\/boletim-atualizado-da-covid-19-da-secretaria-municipal-de-saude-de-dracena-15\/","title":{"rendered":"Boletim atualizado da COVID-19 da Secretaria Municipal de Sa\u00fade de Dracena 15\/04\/21"},"content":{"rendered":"<div class=\"kvgmc6g5 cxmmr5t8 oygrvhab hcukyx3x c1et5uql ii04i59q\">\n<div dir=\"auto\">BOLETIM EPIDEMIOL\u00d3GICO COVID<\/div>\n<div dir=\"auto\">Quinta-feira, 15 de abril<\/div>\n<\/div>\n<div class=\"o9v6fnle cxmmr5t8 oygrvhab hcukyx3x c1et5uql ii04i59q\">\n<div dir=\"auto\">Suspeitos: 18<\/div>\n<div dir=\"auto\">Suspeitos Domiciliar: 18<\/div>\n<div dir=\"auto\">Suspeito Hospitalar: 0<\/div>\n<div dir=\"auto\">Confirmados: 4.140<\/div>\n<div dir=\"auto\">Curados: 3.863<\/div>\n<div dir=\"auto\">Isolamento domiciliar 84<\/div>\n<div dir=\"auto\">Tratamento Hospitalar: 08<\/div>\n<div dir=\"auto\">\u00d3bitos: 185<\/div>\n<\/div>\n<div class=\"o9v6fnle cxmmr5t8 oygrvhab hcukyx3x c1et5uql ii04i59q\">\n<div dir=\"auto\">ALERTA<\/div>\n<div dir=\"auto\">Nas \u00faltimas 24 horas, 21 casos novos.<\/div>\n<div dir=\"auto\">Nas \u00faltimas 24 horas, 3 pacientes curados.<\/div>\n<div dir=\"auto\"><\/div>\n<div dir=\"auto\">Fonte: https:\/\/www.facebook.com\/prefeituradracena<\/div>\n<\/div>\n","protected":false},"excerpt":{"rendered":"<p>BOLETIM EPIDEMIOL\u00d3GICO COVID Quinta-feira, 15 de abril Suspeitos: 18 Suspeitos Domiciliar: 18 Suspeito Hospitalar: 0 Confirmados: 4.140 Curados: 3.863 Isolamento domiciliar 84 Tratamento Hospitalar: 08 \u00d3bitos: 185 ALERTA Nas \u00faltimas 24 horas, 21 casos novos. Nas \u00faltimas 24 horas, 3 pacientes curados. Fonte: https:\/\/www.facebook.com\/prefeituradracena<\/p>\n","protected":false},"author":1,"featured_media":46310,"comment_status":"closed","ping_status":"open","sticky":false,"template":"","format":"standard","meta":{"footnotes":""},"categories":[179,184,110],"tags":[],"class_list":["post-46309","post","type-post","status-publish","format-standard","has-post-thumbnail","hentry","category-cidadeseregiao","category-dracena","category-noticiasdestaque"],"_links":{"self":[{"href":"https:\/\/jorgezanoni.com.br\/2019\/wp-json\/wp\/v2\/posts\/46309","targetHints":{"allow":["GET"]}}],"collection":[{"href":"https:\/\/jorgezanoni.com.br\/2019\/wp-json\/wp\/v2\/posts"}],"about":[{"href":"https:\/\/jorgezanoni.com.br\/2019\/wp-json\/wp\/v2\/types\/post"}],"author":[{"embeddable":true,"href":"https:\/\/jorgezanoni.com.br\/2019\/wp-json\/wp\/v2\/users\/1"}],"replies":[{"embeddable":true,"href":"https:\/\/jorgezanoni.com.br\/2019\/wp-json\/wp\/v2\/comments?post=46309"}],"version-history":[{"count":0,"href":"https:\/\/jorgezanoni.com.br\/2019\/wp-json\/wp\/v2\/posts\/46309\/revisions"}],"wp:featuredmedia":[{"embeddable":true,"href":"https:\/\/jorgezanoni.com.br\/2019\/wp-json\/wp\/v2\/media\/46310"}],"wp:attachment":[{"href":"https:\/\/jorgezanoni.com.br\/2019\/wp-json\/wp\/v2\/media?parent=46309"}],"wp:term":[{"taxonomy":"category","embeddable":true,"href":"https:\/\/jorgezanoni.com.br\/2019\/wp-json\/wp\/v2\/categories?post=46309"},{"taxonomy":"post_tag","embeddable":true,"href":"https:\/\/jorgezanoni.com.br\/2019\/wp-json\/wp\/v2\/tags?post=46309"}],"curies":[{"name":"wp","href":"https:\/\/api.w.org\/{rel}","templated":true}]}}