{"id":46272,"date":"2021-04-15T13:41:40","date_gmt":"2021-04-15T13:41:40","guid":{"rendered":"https:\/\/jorgezanoni.com.br\/2019\/?p=46272"},"modified":"2021-04-15T13:41:40","modified_gmt":"2021-04-15T13:41:40","slug":"suspeito-de-envolvimento-em-incendio-de-viaturas-policiais-estacionadas-em-delegacia-e-preso-em-dracena","status":"publish","type":"post","link":"https:\/\/jorgezanoni.com.br\/2019\/suspeito-de-envolvimento-em-incendio-de-viaturas-policiais-estacionadas-em-delegacia-e-preso-em-dracena\/","title":{"rendered":"Suspeito de envolvimento em inc\u00eandio de viaturas policiais estacionadas em delegacia \u00e9 preso em Dracena"},"content":{"rendered":"<h2 class=\"content-head__subtitle\" style=\"text-align: justify;\"><strong>Homem de 29 anos tentou escapar da abordagem nesta quarta-feira (14), no Jardim Brasil\u00e2ndia, mas acabou contido por uma opera\u00e7\u00e3o conjunta das pol\u00edcias Civil e Militar.<\/strong><\/h2>\n<div class=\"mc-column content-text active-extra-styles \" data-block-type=\"unstyled\" data-block-weight=\"34\" data-block-id=\"2\">\n<p class=\"content-text__container \" style=\"text-align: justify;\" data-track-category=\"Link no Texto\" data-track-links=\"\">Uma opera\u00e7\u00e3o conjunta realizada pelas pol\u00edcias Civil e Militar prendeu nesta quarta-feira (14), em\u00a0<a href=\"https:\/\/g1.globo.com\/sp\/presidente-prudente-regiao\/cidade\/dracena\/\">Dracena (SP)<\/a>, um homem de 29 anos suspeito de envolvimento em um caso de\u00a0<a href=\"https:\/\/g1.globo.com\/sp\/presidente-prudente-regiao\/noticia\/2021\/03\/31\/viaturas-da-policia-civil-sao-danificadas-em-incendio-em-patio-de-delegacia-em-dracena.ghtml\">inc\u00eandio de viaturas policiais na cidade<\/a>.<\/p>\n<\/div>\n<div class=\"wall protected-content\">\n<div class=\"mc-column content-text active-extra-styles \" style=\"text-align: justify;\" data-block-type=\"unstyled\" data-block-weight=\"31\" data-block-id=\"3\">\n<p class=\"content-text__container \" data-track-category=\"Link no Texto\" data-track-links=\"\">Ele j\u00e1 tinha contra si um mandado de pris\u00e3o preventiva em aberto e, por isso, era procurado da Justi\u00e7a em raz\u00e3o das investiga\u00e7\u00f5es em andamento sobre os danos aos ve\u00edculos oficiais.<\/p>\n<\/div>\n<div class=\"mc-column content-text active-extra-styles \" style=\"text-align: justify;\" data-block-type=\"unstyled\" data-block-weight=\"23\" data-block-id=\"4\">\n<p class=\"content-text__container \" data-track-category=\"Link no Texto\" data-track-links=\"\">Com ele, ainda foram apreendidas quatro por\u00e7\u00f5es de maconha, o que fez com que tamb\u00e9m acabasse preso em flagrante por tr\u00e1fico de droga.<\/p>\n<\/div>\n<div class=\"mc-column content-text active-extra-styles \" style=\"text-align: justify;\" data-block-type=\"unstyled\" data-block-weight=\"28\" data-block-id=\"5\">\n<p class=\"content-text__container \" data-track-category=\"Link no Texto\" data-track-links=\"\">Os policiais civis e militares fizeram um cerco ao local onde o suspeito estaria escondido, no Jardim Brasil\u00e2ndia, com o objetivo de cumprir o mandado de pris\u00e3o preventiva.<\/p>\n<\/div>\n<div class=\"mc-column content-text active-extra-styles\" style=\"text-align: justify;\" data-block-type=\"raw\" data-block-weight=\"14\" data-block-id=\"6\">\n<ul class=\"content-unordered-list\">\n<li><a href=\"https:\/\/g1.globo.com\/sp\/presidente-prudente-regiao\/noticia\/2021\/03\/31\/viaturas-da-policia-civil-sao-danificadas-em-incendio-em-patio-de-delegacia-em-dracena.ghtml\">Viaturas da Pol\u00edcia Civil s\u00e3o danificadas em inc\u00eandio em p\u00e1tio de delegacia em Dracena<\/a><\/li>\n<\/ul>\n<\/div>\n<div class=\"mc-column content-text active-extra-styles \" style=\"text-align: justify;\" data-block-type=\"unstyled\" data-block-weight=\"32\" data-block-id=\"7\">\n<p class=\"content-text__container \" data-track-category=\"Link no Texto\" data-track-links=\"\">Quando percebeu a presen\u00e7a dos policiais, o suspeito ainda tentou fugir, correndo em dire\u00e7\u00e3o ao muro dos fundos da resid\u00eancia. Por\u00e9m, quando tentou pular o muro, ele acabou caindo e foi contido.<\/p>\n<\/div>\n<div class=\"mc-column content-text active-extra-styles \" style=\"text-align: justify;\" data-block-type=\"unstyled\" data-block-weight=\"17\" data-block-id=\"8\">\n<p class=\"content-text__container \" data-track-category=\"Link no Texto\" data-track-links=\"\">Mesmo assim, segundo a Pol\u00edcia Civil, o homem ainda tentou resistir \u00e0 pris\u00e3o e precisou ser algemado.<\/p>\n<\/div>\n<div class=\"mc-column content-text active-extra-styles \" style=\"text-align: justify;\" data-block-type=\"unstyled\" data-block-weight=\"29\" data-block-id=\"9\">\n<p class=\"content-text__container \" data-track-category=\"Link no Texto\" data-track-links=\"\">Durante a tentativa de fuga, ainda segundo a pol\u00edcia, o homem dispensou as por\u00e7\u00f5es de maconha, que foram apreendidas, e tamb\u00e9m acabou preso em flagrante por tr\u00e1fico de droga.<\/p>\n<\/div>\n<div class=\"row medium-uncollapsed content-media content-photo\" style=\"text-align: justify;\" data-block-type=\"backstage-photo\" data-block-id=\"11\">\n<div class=\"mc-column content-media__container\">\n<div class=\"content-media-container glb-skeleton-box\">\n<figure class=\"content-media-figure\"><img decoding=\"async\" class=\"i-amphtml-fill-content i-amphtml-replaced-content\" src=\"https:\/\/s2.glbimg.com\/ifXqm7VLwWImx2EEWDjV0w8VIIQ=\/0x0:1280x960\/984x0\/smart\/filters:strip_icc()\/i.s3.glbimg.com\/v1\/AUTH_59edd422c0c84a879bd37670ae4f538a\/internal_photos\/bs\/2021\/O\/5\/SlK1sOQk6FReaHuguHOw\/whatsapp-image-2021-03-31-at-09.11.04.jpeg\" sizes=\"(max-width: 1366px) 648px, 100vw\" srcset=\"https:\/\/s2.glbimg.com\/H4pPhb_NWff1CtVsQK-jUjilJoY=\/0x0:1280x960\/1000x0\/smart\/filters:strip_icc()\/i.s3.glbimg.com\/v1\/AUTH_59edd422c0c84a879bd37670ae4f538a\/internal_photos\/bs\/2021\/O\/5\/SlK1sOQk6FReaHuguHOw\/whatsapp-image-2021-03-31-at-09.11.04.jpeg 1000w, https:\/\/s2.glbimg.com\/ifXqm7VLwWImx2EEWDjV0w8VIIQ=\/0x0:1280x960\/984x0\/smart\/filters:strip_icc()\/i.s3.glbimg.com\/v1\/AUTH_59edd422c0c84a879bd37670ae4f538a\/internal_photos\/bs\/2021\/O\/5\/SlK1sOQk6FReaHuguHOw\/whatsapp-image-2021-03-31-at-09.11.04.jpeg 984w, https:\/\/s2.glbimg.com\/h4XAS_Y0keUTsEJGY6JH7nvkZbg=\/0x0:1280x960\/640x0\/smart\/filters:strip_icc()\/i.s3.glbimg.com\/v1\/AUTH_59edd422c0c84a879bd37670ae4f538a\/internal_photos\/bs\/2021\/O\/5\/SlK1sOQk6FReaHuguHOw\/whatsapp-image-2021-03-31-at-09.11.04.jpeg 640w, https:\/\/s2.glbimg.com\/mWYSjAUA1YmtCwtlyYiUaSV6hAw=\/0x0:1280x960\/600x0\/smart\/filters:strip_icc()\/i.s3.glbimg.com\/v1\/AUTH_59edd422c0c84a879bd37670ae4f538a\/internal_photos\/bs\/2021\/O\/5\/SlK1sOQk6FReaHuguHOw\/whatsapp-image-2021-03-31-at-09.11.04.jpeg 600w\" alt=\"Inc\u00eandio destruiu viaturas da Pol\u00edcia Civil em Dracena \u2014 Foto: Mariane Santos\/TV Fronteira\" \/><\/figure>\n<\/div>\n<p class=\"content-media__description \">Inc\u00eandio destruiu viaturas da Pol\u00edcia Civil em Dracena \u2014 Foto: Mariane Santos\/TV Fronteira<\/p>\n<\/div>\n<\/div>\n<div class=\"mc-column content-text active-extra-styles \" style=\"text-align: justify;\" data-block-type=\"unstyled\" data-block-weight=\"24\" data-block-id=\"12\">\n<p class=\"content-text__container \" data-track-category=\"Link no Texto\" data-track-links=\"\">A Pol\u00edcia Civil o interrogou sobre os inc\u00eandios das viaturas, mas ele mencionou que s\u00f3 falaria sobre o caso em ju\u00edzo, e permaneceu calado.<\/p>\n<\/div>\n<div class=\"mc-column content-text active-extra-styles \" style=\"text-align: justify;\" data-block-type=\"unstyled\" data-block-weight=\"25\" data-block-id=\"13\">\n<p class=\"content-text__container \" data-track-category=\"Link no Texto\" data-track-links=\"\">O inc\u00eandio na madrugada do \u00faltimo dia 31 de mar\u00e7o danificou tr\u00eas viaturas da Pol\u00edcia Civil que estavam estacionadas no p\u00e1tio da Delegacia de Dracena.<\/p>\n<\/div>\n<div class=\"mc-column content-text active-extra-styles \" data-block-type=\"unstyled\" data-block-weight=\"11\" data-block-id=\"14\">\n<p class=\"content-text__container \" style=\"text-align: justify;\" data-track-category=\"Link no Texto\" data-track-links=\"\">Uma quarta viatura foi retirada antes de ser atingida pelo fogo.<\/p>\n<p data-track-category=\"Link no Texto\" data-track-links=\"\">Fonte: G1<\/p>\n<\/div>\n<\/div>\n","protected":false},"excerpt":{"rendered":"<p>Homem de 29 anos tentou escapar da abordagem nesta quarta-feira (14), no Jardim Brasil\u00e2ndia, mas acabou contido por uma opera\u00e7\u00e3o conjunta das pol\u00edcias Civil e Militar. Uma opera\u00e7\u00e3o conjunta realizada pelas pol\u00edcias Civil e Militar prendeu nesta quarta-feira (14), em\u00a0Dracena (SP), um homem de 29 anos suspeito de envolvimento em um caso de\u00a0inc\u00eandio de viaturas [&hellip;]<\/p>\n","protected":false},"author":1,"featured_media":46273,"comment_status":"closed","ping_status":"open","sticky":false,"template":"","format":"standard","meta":{"footnotes":""},"categories":[110,2],"tags":[],"class_list":["post-46272","post","type-post","status-publish","format-standard","has-post-thumbnail","hentry","category-noticiasdestaque","category-policial"],"_links":{"self":[{"href":"https:\/\/jorgezanoni.com.br\/2019\/wp-json\/wp\/v2\/posts\/46272","targetHints":{"allow":["GET"]}}],"collection":[{"href":"https:\/\/jorgezanoni.com.br\/2019\/wp-json\/wp\/v2\/posts"}],"about":[{"href":"https:\/\/jorgezanoni.com.br\/2019\/wp-json\/wp\/v2\/types\/post"}],"author":[{"embeddable":true,"href":"https:\/\/jorgezanoni.com.br\/2019\/wp-json\/wp\/v2\/users\/1"}],"replies":[{"embeddable":true,"href":"https:\/\/jorgezanoni.com.br\/2019\/wp-json\/wp\/v2\/comments?post=46272"}],"version-history":[{"count":0,"href":"https:\/\/jorgezanoni.com.br\/2019\/wp-json\/wp\/v2\/posts\/46272\/revisions"}],"wp:featuredmedia":[{"embeddable":true,"href":"https:\/\/jorgezanoni.com.br\/2019\/wp-json\/wp\/v2\/media\/46273"}],"wp:attachment":[{"href":"https:\/\/jorgezanoni.com.br\/2019\/wp-json\/wp\/v2\/media?parent=46272"}],"wp:term":[{"taxonomy":"category","embeddable":true,"href":"https:\/\/jorgezanoni.com.br\/2019\/wp-json\/wp\/v2\/categories?post=46272"},{"taxonomy":"post_tag","embeddable":true,"href":"https:\/\/jorgezanoni.com.br\/2019\/wp-json\/wp\/v2\/tags?post=46272"}],"curies":[{"name":"wp","href":"https:\/\/api.w.org\/{rel}","templated":true}]}}