{"id":46269,"date":"2021-04-15T13:24:51","date_gmt":"2021-04-15T13:24:51","guid":{"rendered":"https:\/\/jorgezanoni.com.br\/2019\/?p=46269"},"modified":"2021-04-15T13:24:51","modified_gmt":"2021-04-15T13:24:51","slug":"acao-conjunta-das-policias-civil-e-militar-prende-procurado-da-justica-com-drogas-em-dracena","status":"publish","type":"post","link":"https:\/\/jorgezanoni.com.br\/2019\/acao-conjunta-das-policias-civil-e-militar-prende-procurado-da-justica-com-drogas-em-dracena\/","title":{"rendered":"A\u00e7\u00e3o conjunta das Pol\u00edcias Civil e Militar prende procurado da Justi\u00e7a com Drogas em Dracena"},"content":{"rendered":"<p style=\"text-align: justify;\">Na tentativa de fuga, momento da pris\u00e3o, o homem ainda dispensou alguns inv\u00f3lucros de maconha. Ele reagiu \u00e0 pris\u00e3o, sendo necess\u00e1rio uso progressivo de for\u00e7a para det\u00ea-lo.<\/p>\n<p style=\"text-align: justify;\">A Pol\u00edcia Civil, por interm\u00e9dio das Unidades Especializadas (Delegacia de Investiga\u00e7\u00f5es Gerais &#8211; DIG; Delegacia de Investiga\u00e7\u00f5es Sobre Entorpecentes &#8211; DISE), e com apoio da Policia Militar, prendeu nesta quarta-feira (14), um homem de 29 anos, que era procurado da Justi\u00e7a em decorr\u00eancia de um mandado de pris\u00e3o preventiva em aberto. A a\u00e7\u00e3o que tamb\u00e9m resultou na apreens\u00e3o quatro por\u00e7\u00f5es de maconha, aconteceu no Jardim Brasil\u00e2ndia, em Dracena.<\/p>\n<p style=\"text-align: justify;\">Agentes das Unidades Especializadas, com apoio de uma guarni\u00e7\u00e3o da Pol\u00edcia Militar, realizam diligencias, no bairro Jardim Brasil\u00e2ndia, na tentativa de cumprir um mandado de pris\u00e3o preventiva expedido pela Justi\u00e7a da Comarca de Dracena, em virtude de um inqu\u00e9rito policial que investigava o delito de inc\u00eandios ocorridos em viaturas policiais.<\/p>\n<p style=\"text-align: justify;\">As equipes policiais ao chegarem no poss\u00edvel local onde o homem estaria homiziado, fizeram um cerco, visando evitar uma eventual fuga do indiv\u00edduo, e ao perceber a presen\u00e7a dos policias ele ainda tentou empreender fuga, correndo em dire\u00e7\u00e3o ao muro dos fundos da resid\u00eancia. Por\u00e9m, ao tentar pular o muro acabou caindo, e mesmo assim, ofereceu resist\u00eancia \u00e0 pris\u00e3o, sendo necess\u00e1rio o uso progressivo de for\u00e7a para cont\u00ea-lo e algem\u00e1-lo.<\/p>\n<p style=\"text-align: justify;\">Durante a tentativa de fuga o homem dispensou tr\u00eas inv\u00f3lucros de maconha, que foram apreendidas, por esta raz\u00e3o, al\u00e9m do mandado de pris\u00e3o cumprimento do mandado pris\u00e3o, ele tamb\u00e9m foi atuado por tr\u00e1fico de drogas.<\/p>\n<p style=\"text-align: justify;\">Conduzido a sede das Unidades Especializadas, foi formalizado o cumprimento do mandado de pris\u00e3o e ratificado a voz de pris\u00e3o em flagrante por tr\u00e1fico de drogas. Ap\u00f3s a lavratura do flagrante delito e ado\u00e7\u00e3o das demais medidas de pol\u00edcia judici\u00e1ria, o homem foi conduzido a uma unidade prisional ficando \u00e0 disposi\u00e7\u00e3o da Justi\u00e7a.<\/p>\n<p style=\"text-align: justify;\">Den\u00fancias: Den\u00fancias an\u00f4nimas sobre pessoas procuradas da Justi\u00e7a ou tr\u00e1fico de drogas podem ser feitas pelo Disque Den\u00fancia 181, pelo fone 3821 3753, da DIG\/IDE, ou pelo 190 da Pol\u00edcia Militar. O sigilo e o anonimato s\u00e3o garantidos.<\/p>\n<p style=\"text-align: justify;\">Fonte: Com. Social Pol\u00edcia Civil<\/p>\n","protected":false},"excerpt":{"rendered":"<p>Na tentativa de fuga, momento da pris\u00e3o, o homem ainda dispensou alguns inv\u00f3lucros de maconha. Ele reagiu \u00e0 pris\u00e3o, sendo necess\u00e1rio uso progressivo de for\u00e7a para det\u00ea-lo. A Pol\u00edcia Civil, por interm\u00e9dio das Unidades Especializadas (Delegacia de Investiga\u00e7\u00f5es Gerais &#8211; DIG; Delegacia de Investiga\u00e7\u00f5es Sobre Entorpecentes &#8211; DISE), e com apoio da Policia Militar, prendeu [&hellip;]<\/p>\n","protected":false},"author":1,"featured_media":46270,"comment_status":"closed","ping_status":"open","sticky":false,"template":"","format":"standard","meta":{"footnotes":""},"categories":[110,2],"tags":[],"class_list":["post-46269","post","type-post","status-publish","format-standard","has-post-thumbnail","hentry","category-noticiasdestaque","category-policial"],"_links":{"self":[{"href":"https:\/\/jorgezanoni.com.br\/2019\/wp-json\/wp\/v2\/posts\/46269","targetHints":{"allow":["GET"]}}],"collection":[{"href":"https:\/\/jorgezanoni.com.br\/2019\/wp-json\/wp\/v2\/posts"}],"about":[{"href":"https:\/\/jorgezanoni.com.br\/2019\/wp-json\/wp\/v2\/types\/post"}],"author":[{"embeddable":true,"href":"https:\/\/jorgezanoni.com.br\/2019\/wp-json\/wp\/v2\/users\/1"}],"replies":[{"embeddable":true,"href":"https:\/\/jorgezanoni.com.br\/2019\/wp-json\/wp\/v2\/comments?post=46269"}],"version-history":[{"count":0,"href":"https:\/\/jorgezanoni.com.br\/2019\/wp-json\/wp\/v2\/posts\/46269\/revisions"}],"wp:featuredmedia":[{"embeddable":true,"href":"https:\/\/jorgezanoni.com.br\/2019\/wp-json\/wp\/v2\/media\/46270"}],"wp:attachment":[{"href":"https:\/\/jorgezanoni.com.br\/2019\/wp-json\/wp\/v2\/media?parent=46269"}],"wp:term":[{"taxonomy":"category","embeddable":true,"href":"https:\/\/jorgezanoni.com.br\/2019\/wp-json\/wp\/v2\/categories?post=46269"},{"taxonomy":"post_tag","embeddable":true,"href":"https:\/\/jorgezanoni.com.br\/2019\/wp-json\/wp\/v2\/tags?post=46269"}],"curies":[{"name":"wp","href":"https:\/\/api.w.org\/{rel}","templated":true}]}}