{"id":46250,"date":"2021-04-15T11:42:09","date_gmt":"2021-04-15T11:42:09","guid":{"rendered":"https:\/\/jorgezanoni.com.br\/2019\/?p=46250"},"modified":"2021-04-15T12:59:11","modified_gmt":"2021-04-15T12:59:11","slug":"morre-antonio-penha-granado-antigo-morador-de-dracena","status":"publish","type":"post","link":"https:\/\/jorgezanoni.com.br\/2019\/morre-antonio-penha-granado-antigo-morador-de-dracena\/","title":{"rendered":"Morre Antonio Penha Granado, antigo morador de Dracena"},"content":{"rendered":"<p style=\"text-align: justify;\">Comunicamos com pesar o falecimento do Sr. Antonio Penha Granado de 77 anos, ocorrido ontem (14). Ele estava internado desde 13 de mar\u00e7o em tratamento da Covid, na cidade de Presidente Prudente. Praticamente superando o problema, teve outras complica\u00e7\u00f5es. Sua esposa passou por id\u00eantica situa\u00e7\u00e3o, mas felizmente est\u00e1 se recuperando.<\/p>\n<p style=\"text-align: justify;\">Era membro atuante da Sociedade S\u00e3o Vicente de Paula de Dracena h\u00e1 muitos anos.<\/p>\n<p style=\"text-align: justify;\">Deixa a esposa No\u00eamia, filhos Eduardo (Du), Evandro (Lango) e Aline, noras, genros e netos, demais familiares e amigos. \u00c9 sogro do m\u00e9dico ortopedista, Dr. Heleno Cavalcante.<\/p>\n<p>A despedida ocorre hoje no Cemit\u00e9rio Municipal de Dracena, \u00e0s 14:00 Horas.<\/p>\n<p style=\"text-align: justify;\">Aos familiares do amigo Penha os profundos sentimentos do Site JZ neste dif\u00edcil momento.<\/p>\n<p>Jorge Zanoni<\/p>\n<p><img loading=\"lazy\" decoding=\"async\" class=\"alignnone size-full wp-image-46252\" src=\"https:\/\/jorgezanoni.com.br\/2019\/wp-content\/uploads\/2021\/04\/Penha.jpg\" alt=\"\" width=\"1280\" height=\"1279\" srcset=\"https:\/\/jorgezanoni.com.br\/2019\/wp-content\/uploads\/2021\/04\/Penha.jpg 1280w, https:\/\/jorgezanoni.com.br\/2019\/wp-content\/uploads\/2021\/04\/Penha-300x300.jpg 300w, https:\/\/jorgezanoni.com.br\/2019\/wp-content\/uploads\/2021\/04\/Penha-1024x1024.jpg 1024w, https:\/\/jorgezanoni.com.br\/2019\/wp-content\/uploads\/2021\/04\/Penha-150x150.jpg 150w, https:\/\/jorgezanoni.com.br\/2019\/wp-content\/uploads\/2021\/04\/Penha-768x767.jpg 768w, https:\/\/jorgezanoni.com.br\/2019\/wp-content\/uploads\/2021\/04\/Penha-696x695.jpg 696w, https:\/\/jorgezanoni.com.br\/2019\/wp-content\/uploads\/2021\/04\/Penha-1068x1067.jpg 1068w, https:\/\/jorgezanoni.com.br\/2019\/wp-content\/uploads\/2021\/04\/Penha-420x420.jpg 420w\" sizes=\"auto, (max-width: 1280px) 100vw, 1280px\" \/><\/p>\n<p>&nbsp;<\/p>\n<p>&nbsp;<\/p>\n<p>&nbsp;<\/p>\n<p>&nbsp;<\/p>\n","protected":false},"excerpt":{"rendered":"<p>Comunicamos com pesar o falecimento do Sr. Antonio Penha Granado de 77 anos, ocorrido ontem (14). Ele estava internado desde 13 de mar\u00e7o em tratamento da Covid, na cidade de Presidente Prudente. Praticamente superando o problema, teve outras complica\u00e7\u00f5es. Sua esposa passou por id\u00eantica situa\u00e7\u00e3o, mas felizmente est\u00e1 se recuperando. Era membro atuante da Sociedade [&hellip;]<\/p>\n","protected":false},"author":1,"featured_media":46253,"comment_status":"closed","ping_status":"open","sticky":false,"template":"","format":"standard","meta":{"footnotes":""},"categories":[178,110],"tags":[],"class_list":["post-46250","post","type-post","status-publish","format-standard","has-post-thumbnail","hentry","category-notadefalecimento","category-noticiasdestaque"],"_links":{"self":[{"href":"https:\/\/jorgezanoni.com.br\/2019\/wp-json\/wp\/v2\/posts\/46250","targetHints":{"allow":["GET"]}}],"collection":[{"href":"https:\/\/jorgezanoni.com.br\/2019\/wp-json\/wp\/v2\/posts"}],"about":[{"href":"https:\/\/jorgezanoni.com.br\/2019\/wp-json\/wp\/v2\/types\/post"}],"author":[{"embeddable":true,"href":"https:\/\/jorgezanoni.com.br\/2019\/wp-json\/wp\/v2\/users\/1"}],"replies":[{"embeddable":true,"href":"https:\/\/jorgezanoni.com.br\/2019\/wp-json\/wp\/v2\/comments?post=46250"}],"version-history":[{"count":0,"href":"https:\/\/jorgezanoni.com.br\/2019\/wp-json\/wp\/v2\/posts\/46250\/revisions"}],"wp:featuredmedia":[{"embeddable":true,"href":"https:\/\/jorgezanoni.com.br\/2019\/wp-json\/wp\/v2\/media\/46253"}],"wp:attachment":[{"href":"https:\/\/jorgezanoni.com.br\/2019\/wp-json\/wp\/v2\/media?parent=46250"}],"wp:term":[{"taxonomy":"category","embeddable":true,"href":"https:\/\/jorgezanoni.com.br\/2019\/wp-json\/wp\/v2\/categories?post=46250"},{"taxonomy":"post_tag","embeddable":true,"href":"https:\/\/jorgezanoni.com.br\/2019\/wp-json\/wp\/v2\/tags?post=46250"}],"curies":[{"name":"wp","href":"https:\/\/api.w.org\/{rel}","templated":true}]}}