{"id":46247,"date":"2021-04-15T00:54:41","date_gmt":"2021-04-15T00:54:41","guid":{"rendered":"https:\/\/jorgezanoni.com.br\/2019\/?p=46247"},"modified":"2021-04-15T00:54:41","modified_gmt":"2021-04-15T00:54:41","slug":"ministerio-publico-do-estado-de-sao-paulo-destina-recursos-para-a-santa-casa-de-dracena","status":"publish","type":"post","link":"https:\/\/jorgezanoni.com.br\/2019\/ministerio-publico-do-estado-de-sao-paulo-destina-recursos-para-a-santa-casa-de-dracena\/","title":{"rendered":"Minist\u00e9rio P\u00fablico do Estado de S\u00e3o Paulo destina recursos para a Santa Casa de Dracena"},"content":{"rendered":"<p style=\"text-align: justify;\">O MINIST\u00c9RIO P\u00daBLICO DO ESTADO DE S\u00c3O PAULO atrav\u00e9s do GEDEC \u2013 Grupo Especial de Combate \u00e0 Crimes Econ\u00f4micos, com atua\u00e7\u00e3o do Promotor de Justi\u00e7a \u2013 Dr. Roberto Victor Anelli Bodini, em parceria com os Promotores de Justi\u00e7a da Comarca de Dracena, Dr. Ant\u00f4nio Simini J\u00fanior, Dr. Rufino Eduardo Galindo Campos e Dr. Ruy Fernando Anelli Bodini,<br \/>\nobtiveram \u00eaxito em investiga\u00e7\u00e3o de natureza criminal que culminou na celebra\u00e7\u00e3o de acordo de n\u00e3o persecu\u00e7\u00e3o penal, com arrecada\u00e7\u00e3o de multa e repara\u00e7\u00e3o de danos morais coletivos em face da pr\u00e1tica de corrup\u00e7\u00e3o e lavagem de dinheiro.<\/p>\n<p style=\"text-align: justify;\">Os Promotores de Justi\u00e7a de Dracena acompanham a necessidade desta Santa Casa, que desde o primeiro momento n\u00e3o tem medido esfor\u00e7os para o atendimento dos infectados pela COVID-19, independentemente de credo, cor, ra\u00e7a, idade, sexo, inclusive com atendimento de moradores de toda nossa regi\u00e3o, tornando-se um importante centro no combate \u00e0 pior pandemia da hist\u00f3ria do nosso Estado.<\/p>\n<p style=\"text-align: justify;\">Diante de tal quadro, os Promotores de Justi\u00e7a, se debru\u00e7aram nos seus afazeres e lograram destinar significativo montante de recursos, na ordem de R$.353.010,00<br \/>\n(trezentos e cinquenta e tr\u00eas mil e dez reais), cujo valor foi creditado nesta data em conta banc\u00e1ria da Santa Casa de Dracena.<\/p>\n<p style=\"text-align: justify;\">Vale lembrar que entrela\u00e7amento da SANTA CASA DE DRACENA com o GEDEC tem dado frutos no desenvolvimento em equipamentos de sa\u00fade, a exemplo, no ano de 2019, com o repasse de R$.2.000.000,00 para constru\u00e7\u00e3o do NOVO CENTRO DE HEMODI\u00c1LISE, que<br \/>\nter\u00e1 a capacidade de dialisar 150 (cento e cinquenta) pacientes, com edifica\u00e7\u00e3o aparente na lateral do pr\u00e9dio central, pela rua Ipiranga.<\/p>\n<p style=\"text-align: justify;\">As verbas recebidas pela Santa Casa de Dracena, sejam p\u00fablicas ou privadas, tem e ter\u00e3o a devida presta\u00e7\u00e3o de contas. A utiliza\u00e7\u00e3o dos valores destinados pelos Promotores de Justi\u00e7a atender\u00e1 a necessidades de plano de atua\u00e7\u00e3o previamente apresentado ao Minist\u00e9rio P\u00fablico, com \u00eanfase ao custeio de materiais e medicamentos para o tratamento das v\u00edtimas da COVID-19. A Santa Casa de Dracena \u00e9 e sempre ser\u00e1 Patrim\u00f4nio<br \/>\nda Comunidade.<\/p>\n<p style=\"text-align: justify;\">A Diretoria, o Corpo M\u00e9dico e os Colaboradores se sentem envaidecidos pela distin\u00e7\u00e3o dos Senhores Promotores de Justi\u00e7a, com uma \u00fanica sauda\u00e7\u00e3o: MUITO OBRIGADO.<\/p>\n<p style=\"text-align: justify;\">Dracena \u2013 S\u00e3o Paulo, em 14 de abril de 2021.<\/p>\n<p style=\"text-align: justify;\">OSS \u2013 IRMANDADE DA SANTA CASA DE MISERIC\u00d3RDIA E MATERNIDADE DE DRACENA<br \/>\nRua Virg\u00edlio Pagnozzi n\u00b0. 822 \u2013 Dracena \u2013 SP \u2013 CEP: 17.900-000 \u2013 Fone: (18) 3821-8466<br \/>\nCNPJ: 47.617.584\/0001-02 \u2013 CNES: 2750988 \u2013 www.santacasadracena.com.br<br \/>\nSanta Casa de Dracena<br \/>\nPatrim\u00f4nio da Comunidade<\/p>\n<p>Diretoria Administrativa<br \/>\nSanta Casa de Dracena<\/p>\n","protected":false},"excerpt":{"rendered":"<p>O MINIST\u00c9RIO P\u00daBLICO DO ESTADO DE S\u00c3O PAULO atrav\u00e9s do GEDEC \u2013 Grupo Especial de Combate \u00e0 Crimes Econ\u00f4micos, com atua\u00e7\u00e3o do Promotor de Justi\u00e7a \u2013 Dr. Roberto Victor Anelli Bodini, em parceria com os Promotores de Justi\u00e7a da Comarca de Dracena, Dr. Ant\u00f4nio Simini J\u00fanior, Dr. Rufino Eduardo Galindo Campos e Dr. Ruy Fernando [&hellip;]<\/p>\n","protected":false},"author":1,"featured_media":46248,"comment_status":"closed","ping_status":"open","sticky":false,"template":"","format":"standard","meta":{"footnotes":""},"categories":[120,110],"tags":[],"class_list":["post-46247","post","type-post","status-publish","format-standard","has-post-thumbnail","hentry","category-justicahabitacaotecnologia","category-noticiasdestaque"],"_links":{"self":[{"href":"https:\/\/jorgezanoni.com.br\/2019\/wp-json\/wp\/v2\/posts\/46247","targetHints":{"allow":["GET"]}}],"collection":[{"href":"https:\/\/jorgezanoni.com.br\/2019\/wp-json\/wp\/v2\/posts"}],"about":[{"href":"https:\/\/jorgezanoni.com.br\/2019\/wp-json\/wp\/v2\/types\/post"}],"author":[{"embeddable":true,"href":"https:\/\/jorgezanoni.com.br\/2019\/wp-json\/wp\/v2\/users\/1"}],"replies":[{"embeddable":true,"href":"https:\/\/jorgezanoni.com.br\/2019\/wp-json\/wp\/v2\/comments?post=46247"}],"version-history":[{"count":0,"href":"https:\/\/jorgezanoni.com.br\/2019\/wp-json\/wp\/v2\/posts\/46247\/revisions"}],"wp:featuredmedia":[{"embeddable":true,"href":"https:\/\/jorgezanoni.com.br\/2019\/wp-json\/wp\/v2\/media\/46248"}],"wp:attachment":[{"href":"https:\/\/jorgezanoni.com.br\/2019\/wp-json\/wp\/v2\/media?parent=46247"}],"wp:term":[{"taxonomy":"category","embeddable":true,"href":"https:\/\/jorgezanoni.com.br\/2019\/wp-json\/wp\/v2\/categories?post=46247"},{"taxonomy":"post_tag","embeddable":true,"href":"https:\/\/jorgezanoni.com.br\/2019\/wp-json\/wp\/v2\/tags?post=46247"}],"curies":[{"name":"wp","href":"https:\/\/api.w.org\/{rel}","templated":true}]}}