{"id":46229,"date":"2021-04-14T15:36:56","date_gmt":"2021-04-14T15:36:56","guid":{"rendered":"https:\/\/jorgezanoni.com.br\/2019\/?p=46229"},"modified":"2021-04-14T15:36:56","modified_gmt":"2021-04-14T15:36:56","slug":"a-maior-operacao-de-vacinacao-realizada-por-uma-policia-no-mundo","status":"publish","type":"post","link":"https:\/\/jorgezanoni.com.br\/2019\/a-maior-operacao-de-vacinacao-realizada-por-uma-policia-no-mundo\/","title":{"rendered":"A maior opera\u00e7\u00e3o de vacina\u00e7\u00e3o realizada por uma pol\u00edcia no mundo!"},"content":{"rendered":"<p style=\"text-align: justify;\">A Pol\u00edcia Militar se orgulha por ser a organizadora da imuniza\u00e7\u00e3o dos Profissionais de Seguran\u00e7a P\u00fablica da ativa do Estado de S\u00e3o Paulo. Uma grande miss\u00e3o necessita de uma organiza\u00e7\u00e3o forte e, mais uma vez na hist\u00f3ria, a For\u00e7a P\u00fablica responde ao chamado mostrando sua capacidade de planejamento, mobiliza\u00e7\u00e3o e interlocu\u00e7\u00e3o com as for\u00e7as vivas da sociedade.<\/p>\n<div style=\"width: 696px;\" class=\"wp-video\"><video class=\"wp-video-shortcode\" id=\"video-46229-1\" width=\"696\" height=\"392\" preload=\"metadata\" controls=\"controls\"><source type=\"video\/mp4\" src=\"https:\/\/jorgezanoni.com.br\/2019\/wp-content\/uploads\/2021\/04\/WhatsApp-Video-2021-04-13-at-16.27.27.mp4?_=1\" \/><a href=\"https:\/\/jorgezanoni.com.br\/2019\/wp-content\/uploads\/2021\/04\/WhatsApp-Video-2021-04-13-at-16.27.27.mp4\">https:\/\/jorgezanoni.com.br\/2019\/wp-content\/uploads\/2021\/04\/WhatsApp-Video-2021-04-13-at-16.27.27.mp4<\/a><\/video><\/div>\n<p style=\"text-align: justify;\">Parab\u00e9ns, Policiais Militares pelo esfor\u00e7o, dedica\u00e7\u00e3o e supera\u00e7\u00e3o nestes dias intensos de muito trabalho, respeito e amor ao pr\u00f3ximo. Na \u00e1rea do 25\u00ba BPM\/I foram vacinados aproximadamente 840 Agentes de Seguran\u00e7a P\u00fablica (policiais militares, policiais civis, policiais do Instituto de Criminal\u00edstica e agentes s\u00f3cio educativos da Funda\u00e7\u00e3o Casa), com a parceria do Gabinete de Vigil\u00e2ncia Epidemiol\u00f3gica de Dracena, Secretaria da Sa\u00fade de Dracena e alunos do Curso de Enfermagem da Unifadra de Dracena. A Pol\u00edcia Militar agradece \u00e0 sociedade paulista por compreender a import\u00e2ncia da prote\u00e7\u00e3o daqueles que a protegem diuturnamente. Muito obrigado!<br \/>\nPol\u00edcia Militar.<\/p>\n<p style=\"text-align: justify;\"><img loading=\"lazy\" decoding=\"async\" class=\"alignnone size-full wp-image-46232\" src=\"https:\/\/jorgezanoni.com.br\/2019\/wp-content\/uploads\/2021\/04\/pm1.jpg\" alt=\"\" width=\"1280\" height=\"720\" srcset=\"https:\/\/jorgezanoni.com.br\/2019\/wp-content\/uploads\/2021\/04\/pm1.jpg 1280w, https:\/\/jorgezanoni.com.br\/2019\/wp-content\/uploads\/2021\/04\/pm1-300x169.jpg 300w, https:\/\/jorgezanoni.com.br\/2019\/wp-content\/uploads\/2021\/04\/pm1-1024x576.jpg 1024w, https:\/\/jorgezanoni.com.br\/2019\/wp-content\/uploads\/2021\/04\/pm1-768x432.jpg 768w, https:\/\/jorgezanoni.com.br\/2019\/wp-content\/uploads\/2021\/04\/pm1-696x392.jpg 696w, https:\/\/jorgezanoni.com.br\/2019\/wp-content\/uploads\/2021\/04\/pm1-1068x601.jpg 1068w, https:\/\/jorgezanoni.com.br\/2019\/wp-content\/uploads\/2021\/04\/pm1-747x420.jpg 747w\" sizes=\"auto, (max-width: 1280px) 100vw, 1280px\" \/> <img loading=\"lazy\" decoding=\"async\" class=\"alignnone size-full wp-image-46233\" src=\"https:\/\/jorgezanoni.com.br\/2019\/wp-content\/uploads\/2021\/04\/pm2.jpg\" alt=\"\" width=\"1280\" height=\"720\" srcset=\"https:\/\/jorgezanoni.com.br\/2019\/wp-content\/uploads\/2021\/04\/pm2.jpg 1280w, https:\/\/jorgezanoni.com.br\/2019\/wp-content\/uploads\/2021\/04\/pm2-300x169.jpg 300w, https:\/\/jorgezanoni.com.br\/2019\/wp-content\/uploads\/2021\/04\/pm2-1024x576.jpg 1024w, https:\/\/jorgezanoni.com.br\/2019\/wp-content\/uploads\/2021\/04\/pm2-768x432.jpg 768w, https:\/\/jorgezanoni.com.br\/2019\/wp-content\/uploads\/2021\/04\/pm2-696x392.jpg 696w, https:\/\/jorgezanoni.com.br\/2019\/wp-content\/uploads\/2021\/04\/pm2-1068x601.jpg 1068w, https:\/\/jorgezanoni.com.br\/2019\/wp-content\/uploads\/2021\/04\/pm2-747x420.jpg 747w\" sizes=\"auto, (max-width: 1280px) 100vw, 1280px\" \/><br \/>\nA For\u00e7a P\u00fablica de S\u00e3o Paulo!<br \/>\n#POLICIAMILITARSP<br \/>\n#AFOR\u00c7AP\u00daBLICADES\u00c3OPAULO<br \/>\nCOMUNICA\u00c7\u00c3O SOCIAL do 25\u00ba BPM\/I e regi\u00e3o<\/p>\n","protected":false},"excerpt":{"rendered":"<p>A Pol\u00edcia Militar se orgulha por ser a organizadora da imuniza\u00e7\u00e3o dos Profissionais de Seguran\u00e7a P\u00fablica da ativa do Estado de S\u00e3o Paulo. Uma grande miss\u00e3o necessita de uma organiza\u00e7\u00e3o forte e, mais uma vez na hist\u00f3ria, a For\u00e7a P\u00fablica responde ao chamado mostrando sua capacidade de planejamento, mobiliza\u00e7\u00e3o e interlocu\u00e7\u00e3o com as for\u00e7as vivas [&hellip;]<\/p>\n","protected":false},"author":1,"featured_media":46234,"comment_status":"closed","ping_status":"open","sticky":false,"template":"","format":"video","meta":{"footnotes":""},"categories":[110,2,169],"tags":[],"class_list":["post-46229","post","type-post","status-publish","format-video","has-post-thumbnail","hentry","category-noticiasdestaque","category-policial","category-videos","post_format-post-format-video"],"_links":{"self":[{"href":"https:\/\/jorgezanoni.com.br\/2019\/wp-json\/wp\/v2\/posts\/46229","targetHints":{"allow":["GET"]}}],"collection":[{"href":"https:\/\/jorgezanoni.com.br\/2019\/wp-json\/wp\/v2\/posts"}],"about":[{"href":"https:\/\/jorgezanoni.com.br\/2019\/wp-json\/wp\/v2\/types\/post"}],"author":[{"embeddable":true,"href":"https:\/\/jorgezanoni.com.br\/2019\/wp-json\/wp\/v2\/users\/1"}],"replies":[{"embeddable":true,"href":"https:\/\/jorgezanoni.com.br\/2019\/wp-json\/wp\/v2\/comments?post=46229"}],"version-history":[{"count":0,"href":"https:\/\/jorgezanoni.com.br\/2019\/wp-json\/wp\/v2\/posts\/46229\/revisions"}],"wp:featuredmedia":[{"embeddable":true,"href":"https:\/\/jorgezanoni.com.br\/2019\/wp-json\/wp\/v2\/media\/46234"}],"wp:attachment":[{"href":"https:\/\/jorgezanoni.com.br\/2019\/wp-json\/wp\/v2\/media?parent=46229"}],"wp:term":[{"taxonomy":"category","embeddable":true,"href":"https:\/\/jorgezanoni.com.br\/2019\/wp-json\/wp\/v2\/categories?post=46229"},{"taxonomy":"post_tag","embeddable":true,"href":"https:\/\/jorgezanoni.com.br\/2019\/wp-json\/wp\/v2\/tags?post=46229"}],"curies":[{"name":"wp","href":"https:\/\/api.w.org\/{rel}","templated":true}]}}