{"id":46199,"date":"2021-04-14T13:20:29","date_gmt":"2021-04-14T13:20:29","guid":{"rendered":"https:\/\/jorgezanoni.com.br\/2019\/?p=46199"},"modified":"2021-04-14T13:20:29","modified_gmt":"2021-04-14T13:20:29","slug":"curso-de-publicidade-e-propaganda-da-unifai-promove-dialogo-entre-jornalismo-e-conteudo-para-redes-sociais","status":"publish","type":"post","link":"https:\/\/jorgezanoni.com.br\/2019\/curso-de-publicidade-e-propaganda-da-unifai-promove-dialogo-entre-jornalismo-e-conteudo-para-redes-sociais\/","title":{"rendered":"Curso de Publicidade e Propaganda da UNIFAI promove di\u00e1logo entre Jornalismo e Conte\u00fado para Redes Sociais!"},"content":{"rendered":"<p style=\"text-align: justify;\"><strong><em>\u201c\u00c9 imposs\u00edvel estabelecer um di\u00e1logo racional com algu\u00e9m a respeito de cren\u00e7as e conceitos que n\u00e3o foram adquiridos por meio da raz\u00e3o.\u201d (<\/em><\/strong><a href=\"https:\/\/www.pensador.com\/autor\/carlos_ruiz_zafon\/\"><strong><em>Carlos Ruiz Zaf\u00f3n<\/em><\/strong><\/a><strong><em>)<\/em><\/strong><\/p>\n<p style=\"text-align: justify;\"><strong>S\u00e9rgio Barbosa (*)<\/strong><\/p>\n<p style=\"text-align: justify;\">Neste NOVO TEMPO NOVO que se chama hoje em tempo de PANDEMIA no cen\u00e1rio GLOCAL, ou seja, do GLOBAL para o LOCAL, deve-se registrar que o surgimento dos NOVOS PARADIGMAS mediados pelos denominados PROCESSOS MIDI\u00c1TICOS, est\u00e3o em todas as \u00e1reas do MERCADO&#8230;<\/p>\n<p style=\"text-align: justify;\">Portanto, tal contexto proporciona diversas escolhas para todos\/as os\/as PROFISSIONAIS que est\u00e3o atuando ou buscando novas oportunidades afins aos interesses e objetivos das ORGANIZA\u00c7\u00d5ES, ainda, considerando que a profissionaliza\u00e7\u00e3o do MERCADO \u00e9 decorrente da QUALIFICA\u00c7\u00c3O ACAD\u00caMICA e experi\u00eancia profissional em tempo de p\u00f3s-globaliza\u00e7\u00e3o midi\u00e1tica&#8230;<\/p>\n<p style=\"text-align: justify;\">Desta forma, ainda, de um jeito ou de outro, a COMUNICA\u00c7\u00c3O torna-se um processo fundamental para o desenvolvimento das propostas patrocinadas pelas t\u00e9cnicas da PUBLICIDADE &amp; PROPAGANDA em conex\u00e3o com as teorias do JORNALISMO para SER e n\u00e3o apenas ESTAR no MERCADO&#8230;<\/p>\n<p style=\"text-align: justify;\">Ocorreu nesta ter\u00e7a-feira, 13, por meio da Disciplina de INTRODU\u00c7\u00c3O AO JORNALISMO com a turma do I Termo do Curso de P&amp;P da UNIFAI, o di\u00e1logo com a proposta, a saber: DI\u00c1LOGO ENTRE JORNALISMO E A GERA\u00c7\u00c3O DE CONTE\u00daDO PARA M\u00cdDIAS SOCIAIS\u00a0 e tendo como convidado o Publicit\u00e1rio diplomado IGOR PEDRINI, graduado em Publicidade e Propaganda pela FAI\/UNIFAI (2.002), Mestre em Ci\u00eancias da Informa\u00e7\u00e3o pela UNESP\/Mar\u00edlia e Doutor em Educa\u00e7\u00e3o pela Universidade Federal de Uberl\u00e2ndia-MG&#8230;<\/p>\n<p style=\"text-align: justify;\"><strong>JORNALISMO X PUBLICIDADE<\/strong><\/p>\n<p style=\"text-align: justify;\">De acordo com Pedrini, existem muitas aproxima\u00e7\u00f5es entre as atividades desenvolvidas pelo JORNALISMO e pela PUBLICIDADE &amp; PORPGANDA, por\u00e9m, cada qual com suas diferen\u00e7as quanto as T\u00c9CNICAS e TEORIAS, entretanto, o importante est\u00e1 na conex\u00e3o em busca do mesmo objetivo por meio da REFLEX\u00c3O CR\u00cdTICA frente \u00e0s exig\u00eancias do MERCADO&#8230;<\/p>\n<p style=\"text-align: justify;\">N\u00e3o se pode esquecer que existem op\u00e7\u00f5es diferenciadas para a aplica\u00e7\u00e3o desta ou daquela proposta mediada pela COMUNICA\u00c7\u00c3O em n\u00edvel AMPLO, GERAL e IRRESTRITO, todavia, a utiliza\u00e7\u00e3o da AIDA-ATEN\u00c7\u00c3O + INTERESSE + DESEJO + A\u00c7\u00c3O faz-se necess\u00e1rio para que os resultados estejam de acordo com a intermedia\u00e7\u00e3o com o P\u00daBLICO ALVO&#8230;<\/p>\n<p style=\"text-align: justify;\">A experi\u00eancia profissional de mais de 20 anos de atua\u00e7\u00e3o no MERCADO, tamb\u00e9m, nas atividades desenvolvidas pela AG\u00caNCIA ELOS nas \u00e1reas da SA\u00daDE e EMPRESARIAL, proporcionam para IGOR e Equipe, novas descobertas para a expans\u00e3o da parceria efetiva entre JORNALISMO e PUBLICIDADE &amp; PROPAGANDA&#8230;<\/p>\n<p style=\"text-align: justify;\"><strong>_____________________________<\/strong><\/p>\n<p style=\"text-align: justify;\"><strong>(*) jornalista diplomado (1.983), cursou P&amp;P e teologia, mestre em ci\u00eancias da religi\u00e3o (2.007), assessor-executivo da ASSPEM-assessoria p\u00fablica e empresarial, autor do e-book: ADAMANTINA: Novas Perspectivas de Organiza\u00e7\u00f5es Empresariais (ACEA, 2021), docente dos cursos de publicidade &amp; propaganda e administra\u00e7\u00e3o da unifai.<\/strong><\/p>\n<p><img loading=\"lazy\" decoding=\"async\" class=\"alignnone size-full wp-image-46200\" src=\"https:\/\/jorgezanoni.com.br\/2019\/wp-content\/uploads\/2021\/04\/sebar.jpg\" alt=\"\" width=\"1032\" height=\"581\" srcset=\"https:\/\/jorgezanoni.com.br\/2019\/wp-content\/uploads\/2021\/04\/sebar.jpg 1032w, https:\/\/jorgezanoni.com.br\/2019\/wp-content\/uploads\/2021\/04\/sebar-300x169.jpg 300w, https:\/\/jorgezanoni.com.br\/2019\/wp-content\/uploads\/2021\/04\/sebar-1024x576.jpg 1024w, https:\/\/jorgezanoni.com.br\/2019\/wp-content\/uploads\/2021\/04\/sebar-768x432.jpg 768w, https:\/\/jorgezanoni.com.br\/2019\/wp-content\/uploads\/2021\/04\/sebar-696x392.jpg 696w, https:\/\/jorgezanoni.com.br\/2019\/wp-content\/uploads\/2021\/04\/sebar-746x420.jpg 746w\" sizes=\"auto, (max-width: 1032px) 100vw, 1032px\" \/><\/p>\n<p style=\"text-align: justify;\">\n<p>&nbsp;<\/p>\n","protected":false},"excerpt":{"rendered":"<p>\u201c\u00c9 imposs\u00edvel estabelecer um di\u00e1logo racional com algu\u00e9m a respeito de cren\u00e7as e conceitos que n\u00e3o foram adquiridos por meio da raz\u00e3o.\u201d (Carlos Ruiz Zaf\u00f3n) S\u00e9rgio Barbosa (*) Neste NOVO TEMPO NOVO que se chama hoje em tempo de PANDEMIA no cen\u00e1rio GLOCAL, ou seja, do GLOBAL para o LOCAL, deve-se registrar que o surgimento [&hellip;]<\/p>\n","protected":false},"author":1,"featured_media":46201,"comment_status":"closed","ping_status":"open","sticky":false,"template":"","format":"standard","meta":{"footnotes":""},"categories":[122],"tags":[],"class_list":["post-46199","post","type-post","status-publish","format-standard","has-post-thumbnail","hentry","category-saudeeducacaoeconcurso"],"_links":{"self":[{"href":"https:\/\/jorgezanoni.com.br\/2019\/wp-json\/wp\/v2\/posts\/46199","targetHints":{"allow":["GET"]}}],"collection":[{"href":"https:\/\/jorgezanoni.com.br\/2019\/wp-json\/wp\/v2\/posts"}],"about":[{"href":"https:\/\/jorgezanoni.com.br\/2019\/wp-json\/wp\/v2\/types\/post"}],"author":[{"embeddable":true,"href":"https:\/\/jorgezanoni.com.br\/2019\/wp-json\/wp\/v2\/users\/1"}],"replies":[{"embeddable":true,"href":"https:\/\/jorgezanoni.com.br\/2019\/wp-json\/wp\/v2\/comments?post=46199"}],"version-history":[{"count":0,"href":"https:\/\/jorgezanoni.com.br\/2019\/wp-json\/wp\/v2\/posts\/46199\/revisions"}],"wp:featuredmedia":[{"embeddable":true,"href":"https:\/\/jorgezanoni.com.br\/2019\/wp-json\/wp\/v2\/media\/46201"}],"wp:attachment":[{"href":"https:\/\/jorgezanoni.com.br\/2019\/wp-json\/wp\/v2\/media?parent=46199"}],"wp:term":[{"taxonomy":"category","embeddable":true,"href":"https:\/\/jorgezanoni.com.br\/2019\/wp-json\/wp\/v2\/categories?post=46199"},{"taxonomy":"post_tag","embeddable":true,"href":"https:\/\/jorgezanoni.com.br\/2019\/wp-json\/wp\/v2\/tags?post=46199"}],"curies":[{"name":"wp","href":"https:\/\/api.w.org\/{rel}","templated":true}]}}