{"id":46186,"date":"2021-04-14T01:18:03","date_gmt":"2021-04-14T01:18:03","guid":{"rendered":"https:\/\/jorgezanoni.com.br\/2019\/?p=46186"},"modified":"2021-04-14T01:18:03","modified_gmt":"2021-04-14T01:18:03","slug":"mais-um-publico-e-contemplado-com-a-vacina-covid-19-agora-66-e-67-anos","status":"publish","type":"post","link":"https:\/\/jorgezanoni.com.br\/2019\/mais-um-publico-e-contemplado-com-a-vacina-covid-19-agora-66-e-67-anos\/","title":{"rendered":"Mais um p\u00fablico \u00e9 contemplado com a Vacina COVID 19. Agora 66 e 67 anos."},"content":{"rendered":"<p style=\"text-align: justify;\"><em><strong>Pessoas de 66 anos j\u00e1 poder\u00e3o ir amanh\u00e3 at\u00e9 os postos de vacina\u00e7\u00e3o receber a imuniza\u00e7\u00e3o.<\/strong><\/em><\/p>\n<p style=\"text-align: justify;\">A Secretaria Municipal de Sa\u00fade informa que a partir de amanh\u00e3, dia 14, a vacina covid estar\u00e1 liberada tamb\u00e9m para o p\u00fablico de 66 anos. \u00c9 importante ter a idade completa.<\/p>\n<p style=\"text-align: justify;\">Ainda continuam pessoas de 67 anos ou mais. \u00c9 necess\u00e1rio levar o RG, CPF e comprovante de resid\u00eancia. Em caso da segunda dose levar o cart\u00e3o que conste a anota\u00e7\u00e3o da primeira.<\/p>\n<p style=\"text-align: justify;\">Quem teve dengue deve aguardar 30 dias ap\u00f3s a alta para tomar a vacina, e quem teve COVID deve aguardar 15 dias. Os postos s\u00e3o: Escola CEP\/UME e Jo\u00e3o Vendramini das 8h \u00e0s 13h.<\/p>\n<div style=\"text-align: justify;\">\n<p><strong>EDUCA\u00c7\u00c3O<\/strong><\/p>\n<\/div>\n<p style=\"text-align: justify;\">A campanha para os profissionais da Educa\u00e7\u00e3o: professores, merendeiras, auxiliares de servi\u00e7os gerais, secret\u00e1rios da escola, diretores e vice-diretores, coordenadores pedag\u00f3gicos, cuidadores ou int\u00e9rprete de libras, inspetor de alunos, assistente de alfabetiza\u00e7\u00e3o (monitor), definidos pelo Governo do Estado prossegue na Escola Municipal Luiza Rossa. Lembrando que s\u00f3 poder\u00e3o ser imunizados os que trabalham em Dracena.<\/p>\n<p style=\"text-align: justify;\">Antes de ir ao local da vacina\u00e7\u00e3o dever\u00e3o realizar o cadastro no site: http\/\/vacinaja.sp.gov.br\/educa\u00e7\u00e3o ap\u00f3s receber\u00e3o por email o comprovante.<\/p>\n<p style=\"text-align: justify;\">\u00c0queles profissionais que tiverem dificuldade em fazer o cadastro podem procurar a unidade escolar, na qual exerce a fun\u00e7\u00e3o.\u00a0Quanto a problemas com o cadastrado dever\u00e3o ser solucionados com a Diretoria de Ensino de Adamantina. A vacina\u00e7\u00e3o s\u00f3 ser\u00e1 efetuada a partir da apresenta\u00e7\u00e3o do comprovante.<\/p>\n<p style=\"text-align: justify;\">Fonte: Diretoria e Comunica\u00e7\u00e3o<\/p>\n","protected":false},"excerpt":{"rendered":"<p>Pessoas de 66 anos j\u00e1 poder\u00e3o ir amanh\u00e3 at\u00e9 os postos de vacina\u00e7\u00e3o receber a imuniza\u00e7\u00e3o. A Secretaria Municipal de Sa\u00fade informa que a partir de amanh\u00e3, dia 14, a vacina covid estar\u00e1 liberada tamb\u00e9m para o p\u00fablico de 66 anos. \u00c9 importante ter a idade completa. Ainda continuam pessoas de 67 anos ou mais. [&hellip;]<\/p>\n","protected":false},"author":1,"featured_media":46187,"comment_status":"closed","ping_status":"open","sticky":false,"template":"","format":"standard","meta":{"footnotes":""},"categories":[110,122],"tags":[],"class_list":["post-46186","post","type-post","status-publish","format-standard","has-post-thumbnail","hentry","category-noticiasdestaque","category-saudeeducacaoeconcurso"],"_links":{"self":[{"href":"https:\/\/jorgezanoni.com.br\/2019\/wp-json\/wp\/v2\/posts\/46186","targetHints":{"allow":["GET"]}}],"collection":[{"href":"https:\/\/jorgezanoni.com.br\/2019\/wp-json\/wp\/v2\/posts"}],"about":[{"href":"https:\/\/jorgezanoni.com.br\/2019\/wp-json\/wp\/v2\/types\/post"}],"author":[{"embeddable":true,"href":"https:\/\/jorgezanoni.com.br\/2019\/wp-json\/wp\/v2\/users\/1"}],"replies":[{"embeddable":true,"href":"https:\/\/jorgezanoni.com.br\/2019\/wp-json\/wp\/v2\/comments?post=46186"}],"version-history":[{"count":0,"href":"https:\/\/jorgezanoni.com.br\/2019\/wp-json\/wp\/v2\/posts\/46186\/revisions"}],"wp:featuredmedia":[{"embeddable":true,"href":"https:\/\/jorgezanoni.com.br\/2019\/wp-json\/wp\/v2\/media\/46187"}],"wp:attachment":[{"href":"https:\/\/jorgezanoni.com.br\/2019\/wp-json\/wp\/v2\/media?parent=46186"}],"wp:term":[{"taxonomy":"category","embeddable":true,"href":"https:\/\/jorgezanoni.com.br\/2019\/wp-json\/wp\/v2\/categories?post=46186"},{"taxonomy":"post_tag","embeddable":true,"href":"https:\/\/jorgezanoni.com.br\/2019\/wp-json\/wp\/v2\/tags?post=46186"}],"curies":[{"name":"wp","href":"https:\/\/api.w.org\/{rel}","templated":true}]}}