{"id":46182,"date":"2021-04-14T01:05:37","date_gmt":"2021-04-14T01:05:37","guid":{"rendered":"https:\/\/jorgezanoni.com.br\/2019\/?p=46182"},"modified":"2021-04-14T01:05:37","modified_gmt":"2021-04-14T01:05:37","slug":"campanha-vacina-contra-a-fome-policia-civil-doa-mais-de-meia-tonelada-de-alimentos-para-a-santa-casa-de-dracena","status":"publish","type":"post","link":"https:\/\/jorgezanoni.com.br\/2019\/campanha-vacina-contra-a-fome-policia-civil-doa-mais-de-meia-tonelada-de-alimentos-para-a-santa-casa-de-dracena\/","title":{"rendered":"Campanha &#8220;Vacina contra a Fome&#8221;:  Pol\u00edcia Civil doa mais de meia tonelada de alimentos para a Santa Casa de Dracena"},"content":{"rendered":"<p style=\"text-align: justify;\">A iniciativa dos policiais civis foi desenvolvida, entre os dias 5 e 8, durante o per\u00edodo de aplica\u00e7\u00e3o da primeira dose do imunizante contra o COVID 19. A vacina\u00e7\u00e3o ocorreu 25\u00ba Batalh\u00e3o da Pol\u00edcia Militar de Dracena<\/p>\n<p style=\"text-align: justify;\">A Pol\u00edcia Civil, por interm\u00e9dio de todos os policiais civis que integram a \u00e1rea da Delegacia Seccional de Pol\u00edcia de Dracena, nesta ter\u00e7a-feira (13), dou mais de meia tonelada de alimentos para Santa Casa de Dracena. A\u00e7\u00e3o solid\u00e1ria fez parte da \u201cCampanha Vacina Contra a Fome\u201d, que foi desenvolvida durante o per\u00edodo de vacina\u00e7\u00e3o dos policiais civis que receberam a primeira dose do imunizante contra o Covid-19, tendo como proposta que para cada agente vacinado, um quilo de alimento n\u00e3o perec\u00edvel fosse doado.<\/p>\n<p style=\"text-align: justify;\">A entrega dos alimentos arrecadados aconteceu na sede da Delegacia Seccional de Pol\u00edcia de Dracena, onde o Dr Nilton Santos Paschoal, Delegado Seccional de Pol\u00edcia, representando todos os demais policiais civis, destinou o montante arrecado para Santa Casa de Dracena. O senhor Celso Xavier Santin, provedor da Santa Casa, que esteve acompanhado com outros membros da Diretoria Administrativa, fez agradecimento a Pol\u00edcia Civil.<\/p>\n<p style=\"text-align: justify;\">A iniciativa solid\u00e1ria demonstra que a Pol\u00edcia Civil, como parte integrante da sociedade, tamb\u00e9m possui um lado social, e busca em a\u00e7\u00e3o como esta minimizar o sofrimento daqueles que mais est\u00e3o precisando, neste momento, e que o sentimento de gratid\u00e3o pela vida tem que ser compartilhado.<\/p>\n<p><img loading=\"lazy\" decoding=\"async\" class=\"alignnone size-full wp-image-46183\" src=\"https:\/\/jorgezanoni.com.br\/2019\/wp-content\/uploads\/2021\/04\/civil.jpg\" alt=\"\" width=\"1280\" height=\"1168\" srcset=\"https:\/\/jorgezanoni.com.br\/2019\/wp-content\/uploads\/2021\/04\/civil.jpg 1280w, https:\/\/jorgezanoni.com.br\/2019\/wp-content\/uploads\/2021\/04\/civil-300x274.jpg 300w, https:\/\/jorgezanoni.com.br\/2019\/wp-content\/uploads\/2021\/04\/civil-1024x934.jpg 1024w, https:\/\/jorgezanoni.com.br\/2019\/wp-content\/uploads\/2021\/04\/civil-768x701.jpg 768w, https:\/\/jorgezanoni.com.br\/2019\/wp-content\/uploads\/2021\/04\/civil-696x635.jpg 696w, https:\/\/jorgezanoni.com.br\/2019\/wp-content\/uploads\/2021\/04\/civil-1068x975.jpg 1068w, https:\/\/jorgezanoni.com.br\/2019\/wp-content\/uploads\/2021\/04\/civil-460x420.jpg 460w\" sizes=\"auto, (max-width: 1280px) 100vw, 1280px\" \/><\/p>\n<p style=\"text-align: justify;\">Fonte: Com. Social Pol\u00edcia Civil<\/p>\n","protected":false},"excerpt":{"rendered":"<p>A iniciativa dos policiais civis foi desenvolvida, entre os dias 5 e 8, durante o per\u00edodo de aplica\u00e7\u00e3o da primeira dose do imunizante contra o COVID 19. A vacina\u00e7\u00e3o ocorreu 25\u00ba Batalh\u00e3o da Pol\u00edcia Militar de Dracena A Pol\u00edcia Civil, por interm\u00e9dio de todos os policiais civis que integram a \u00e1rea da Delegacia Seccional de [&hellip;]<\/p>\n","protected":false},"author":1,"featured_media":46184,"comment_status":"closed","ping_status":"open","sticky":false,"template":"","format":"standard","meta":{"footnotes":""},"categories":[2,118],"tags":[],"class_list":["post-46182","post","type-post","status-publish","format-standard","has-post-thumbnail","hentry","category-policial","category-religiaoesolidariedade"],"_links":{"self":[{"href":"https:\/\/jorgezanoni.com.br\/2019\/wp-json\/wp\/v2\/posts\/46182","targetHints":{"allow":["GET"]}}],"collection":[{"href":"https:\/\/jorgezanoni.com.br\/2019\/wp-json\/wp\/v2\/posts"}],"about":[{"href":"https:\/\/jorgezanoni.com.br\/2019\/wp-json\/wp\/v2\/types\/post"}],"author":[{"embeddable":true,"href":"https:\/\/jorgezanoni.com.br\/2019\/wp-json\/wp\/v2\/users\/1"}],"replies":[{"embeddable":true,"href":"https:\/\/jorgezanoni.com.br\/2019\/wp-json\/wp\/v2\/comments?post=46182"}],"version-history":[{"count":0,"href":"https:\/\/jorgezanoni.com.br\/2019\/wp-json\/wp\/v2\/posts\/46182\/revisions"}],"wp:featuredmedia":[{"embeddable":true,"href":"https:\/\/jorgezanoni.com.br\/2019\/wp-json\/wp\/v2\/media\/46184"}],"wp:attachment":[{"href":"https:\/\/jorgezanoni.com.br\/2019\/wp-json\/wp\/v2\/media?parent=46182"}],"wp:term":[{"taxonomy":"category","embeddable":true,"href":"https:\/\/jorgezanoni.com.br\/2019\/wp-json\/wp\/v2\/categories?post=46182"},{"taxonomy":"post_tag","embeddable":true,"href":"https:\/\/jorgezanoni.com.br\/2019\/wp-json\/wp\/v2\/tags?post=46182"}],"curies":[{"name":"wp","href":"https:\/\/api.w.org\/{rel}","templated":true}]}}