{"id":46158,"date":"2021-04-13T15:33:48","date_gmt":"2021-04-13T15:33:48","guid":{"rendered":"https:\/\/jorgezanoni.com.br\/2019\/?p=46158"},"modified":"2021-04-13T15:34:09","modified_gmt":"2021-04-13T15:34:09","slug":"prefeito-andre-lemos-reune-representantes-representantes-da-educacao-para-tratar-retorno-as-aulas","status":"publish","type":"post","link":"https:\/\/jorgezanoni.com.br\/2019\/prefeito-andre-lemos-reune-representantes-representantes-da-educacao-para-tratar-retorno-as-aulas\/","title":{"rendered":"Prefeito Andr\u00e9 Lemos re\u00fane representantes da Educa\u00e7\u00e3o para tratar retorno \u00e0s aulas"},"content":{"rendered":"<p style=\"font-weight: 400; text-align: justify;\">Na manh\u00e3 desta ter\u00e7a-feira, 13, nas instala\u00e7\u00f5es do SENAI Dracena, o prefeito Andr\u00e9 Lemos e a secret\u00e1ria municipal de Educa\u00e7\u00e3o, Juliana Corr\u00eaa, se reuniram com representantes da Educa\u00e7\u00e3o, para tratar a opini\u00e3o deles quanto a um poss\u00edvel retorno \u00e0s aulas no munic\u00edpio. A reuni\u00e3o contou tamb\u00e9m com a presen\u00e7a do secret\u00e1rio de Governo Rodrigo Parra, al\u00e9m da equipe da Educa\u00e7\u00e3o municipal; tamb\u00e9m da dirigente de ensino da Diretoria de Educa\u00e7\u00e3o de Adamantina, a professora Irmes Roque Mattara, representando o Estado e escolas particulares. O diretor de Gabinete, Nestor Tobias Filho tamb\u00e9m participou.<\/p>\n<p style=\"font-weight: 400; text-align: justify;\">O grupo de participantes se posicionou favor\u00e1vel ao retorno das aulas, por\u00e9m com muita cautela, seguindo todos os protocolos sanit\u00e1rios que envolvem a preven\u00e7\u00e3o ao covid-19. V\u00e1rios colocaram seus pontos de vistas e suas\u00a0\u00a0experi\u00eancias\u00a0\u00a0quando em fevereiro houve uma tentativa de retorno presencial \u00e0s aulas, sendo interrompido ap\u00f3s um avan\u00e7o da pandemia na cidade e regi\u00e3o.<\/p>\n<p style=\"font-weight: 400; text-align: justify;\">A dirigente Irmes Mattara pontuou que a DE preparou of\u00edcios para serem enviados a todas as prefeituras, cuja jurisdi\u00e7\u00e3o cabe \u00e0 Diretoria, solicitando que a Vigil\u00e2ncia Sanit\u00e1ria fiscalize as unidades escolares. Fazem parte da jurisdi\u00e7\u00e3o da DE, os munic\u00edpios Adamantina\u00a0(sede);\u00a0Osvaldo Cruz; Dracena; Luc\u00e9lia; Pacaembu; Tupi Paulista; Fl\u00f3rida Paulista; Junqueir\u00f3polis; Rin\u00f3polis; Parapu\u00e3; Paulic\u00e9ia; Mariap\u00f3lis; Flora Rica; Irapuru; Ouro Verde; Monte Castelo; Santa Mercedes e Panorama.<\/p>\n<p style=\"font-weight: 400; text-align: justify;\">Irmes alertou que \u00e9 preciso que seja reconstru\u00eddo o processo educacional. \u201cFoi um ano parado no quesito educacional e, se continuarmos neste ano como no ano passado, iremos permanecer como em 2020, mas \u00e9 uma situa\u00e7\u00e3o de muito cuidado. A fam\u00edlia tem dois caminhos a seguir \u2013 ou ela se prepara para mandar o filho \u00e0 escola ou precisar\u00e1 providenciar para que o ensino seja realmente feito em casa\u201d, explicou a dirigente informando que a grande maioria dos alunos entre 11 a 17 anos e 11 meses n\u00e3o est\u00e1 seguindo os estudos, o que \u00e9 muito preocupante.<\/p>\n<p style=\"font-weight: 400; text-align: justify;\">O prefeito Andr\u00e9 Lemos afirmou que nesta semana, ir\u00e1 verificar com a equipe do Jur\u00eddico e secret\u00e1ria de Educa\u00e7\u00e3o, Juliana Corr\u00eaa, a fim de que seja criado um novo decreto para tratar sobre a quest\u00e3o do retorno \u00e0s aulas. \u201cTamb\u00e9m somos favor\u00e1veis ao retorno \u00e0s aulas, sabemos de toda import\u00e2ncia que a vida escolar traz, al\u00e9m de todo ganho intelectual, h\u00e1 ainda os ganhos socioemocionais\u201d, disse o prefeito.<\/p>\n<p style=\"font-weight: 400; text-align: justify;\">A secret\u00e1ria Juliana Corr\u00eaa informou que neste momento ainda n\u00e3o est\u00e1 definida uma data para o retorno das aulas presenciais na rede municipal de ensino, por\u00e9m est\u00e1 se preparando para adotar tal medida, com a seguran\u00e7a necess\u00e1ria.<\/p>\n<p><img loading=\"lazy\" decoding=\"async\" class=\"alignnone size-full wp-image-46159\" src=\"https:\/\/jorgezanoni.com.br\/2019\/wp-content\/uploads\/2021\/04\/Grupo.jpg\" alt=\"\" width=\"1300\" height=\"756\" srcset=\"https:\/\/jorgezanoni.com.br\/2019\/wp-content\/uploads\/2021\/04\/Grupo.jpg 1300w, https:\/\/jorgezanoni.com.br\/2019\/wp-content\/uploads\/2021\/04\/Grupo-300x174.jpg 300w, https:\/\/jorgezanoni.com.br\/2019\/wp-content\/uploads\/2021\/04\/Grupo-1024x595.jpg 1024w, https:\/\/jorgezanoni.com.br\/2019\/wp-content\/uploads\/2021\/04\/Grupo-768x447.jpg 768w, https:\/\/jorgezanoni.com.br\/2019\/wp-content\/uploads\/2021\/04\/Grupo-696x405.jpg 696w, https:\/\/jorgezanoni.com.br\/2019\/wp-content\/uploads\/2021\/04\/Grupo-1068x621.jpg 1068w, https:\/\/jorgezanoni.com.br\/2019\/wp-content\/uploads\/2021\/04\/Grupo-722x420.jpg 722w\" sizes=\"auto, (max-width: 1300px) 100vw, 1300px\" \/>Grupo que participou da reuni\u00e3o com a presen\u00e7a do prefeito Andr\u00e9 Lemos<\/p>\n<p style=\"text-align: justify;\"><img loading=\"lazy\" decoding=\"async\" class=\"alignnone size-full wp-image-46160\" src=\"https:\/\/jorgezanoni.com.br\/2019\/wp-content\/uploads\/2021\/04\/Lurdes.jpg\" alt=\"\" width=\"1300\" height=\"730\" srcset=\"https:\/\/jorgezanoni.com.br\/2019\/wp-content\/uploads\/2021\/04\/Lurdes.jpg 1300w, https:\/\/jorgezanoni.com.br\/2019\/wp-content\/uploads\/2021\/04\/Lurdes-300x168.jpg 300w, https:\/\/jorgezanoni.com.br\/2019\/wp-content\/uploads\/2021\/04\/Lurdes-1024x575.jpg 1024w, https:\/\/jorgezanoni.com.br\/2019\/wp-content\/uploads\/2021\/04\/Lurdes-768x431.jpg 768w, https:\/\/jorgezanoni.com.br\/2019\/wp-content\/uploads\/2021\/04\/Lurdes-696x391.jpg 696w, https:\/\/jorgezanoni.com.br\/2019\/wp-content\/uploads\/2021\/04\/Lurdes-1068x600.jpg 1068w, https:\/\/jorgezanoni.com.br\/2019\/wp-content\/uploads\/2021\/04\/Lurdes-748x420.jpg 748w\" sizes=\"auto, (max-width: 1300px) 100vw, 1300px\" \/>Lurdes Encarna\u00e7\u00e3o da Silva, secret\u00e1ria adjunta da Educa\u00e7\u00e3o; Nestor Tobias Filho, diretor de Gabinete; Rodrigo Parra, secret\u00e1rio de Governo; prefeito Andr\u00e9 Lemos; secret\u00e1ria de Educa\u00e7\u00e3o Juliana Corr\u00eaa e dirigente de ensino Irmes Mattara.<\/p>\n<p style=\"font-weight: 400; text-align: justify;\"><b><strong>SEMANA QUE PASSOU<\/strong><\/b><\/p>\n<p style=\"font-weight: 400; text-align: justify;\">O vice-governador Rodrigo Garcia anunciou na sexta-feira (9) a volta das atividades nas escolas de educa\u00e7\u00e3o b\u00e1sica a partir de segunda-feira (12) e in\u00edcio das aulas presenciais na quarta-feira (14). A retomada ocorrer\u00e1 de forma gradual e facultativa, com limite m\u00e1ximo de 35% dos alunos por dia em cada unidade e respeito a todos os demais regramentos de seguran\u00e7a sanit\u00e1ria previstos no Plano S\u00e3o Paulo.<\/p>\n<p style=\"font-weight: 400; text-align: justify;\">\u201cAs perdas de aprendizagem s\u00e3o gigantescas. Toda a sociedade precisa olhar para isso e, especialmente, os pais, m\u00e3es e respons\u00e1veis precisam ter a consci\u00eancia de que recuperar esse per\u00edodo sem aulas presenciais ser\u00e1 um grande desafio\u201d, destaca o secret\u00e1rio de Educa\u00e7\u00e3o do Estado de SP, Rossieli Soares.<\/p>\n<p style=\"font-weight: 400; text-align: justify;\">A retomada das aulas presenciais ocorrer\u00e1 em raz\u00e3o da reclassifica\u00e7\u00e3o do Plano SP anunciada na sexta-feira. A educa\u00e7\u00e3o b\u00e1sica \u00e9 considerada atividade essencial pelo Estado de SP, por isso as atividades podem ser mantidas durante a fase vermelha.\u00a0\u00a0Para as atividades presenciais, a escolas de toda a rede estadual devem cumprir os protocolos estabelecidos pela Secretaria da Educa\u00e7\u00e3o de acordo com as normas e fases do Plano SP.<\/p>\n<p style=\"font-weight: 400; text-align: justify;\">Fonte: Diretoria de Comunica\u00e7\u00e3o<\/p>\n","protected":false},"excerpt":{"rendered":"<p>Na manh\u00e3 desta ter\u00e7a-feira, 13, nas instala\u00e7\u00f5es do SENAI Dracena, o prefeito Andr\u00e9 Lemos e a secret\u00e1ria municipal de Educa\u00e7\u00e3o, Juliana Corr\u00eaa, se reuniram com representantes da Educa\u00e7\u00e3o, para tratar a opini\u00e3o deles quanto a um poss\u00edvel retorno \u00e0s aulas no munic\u00edpio. A reuni\u00e3o contou tamb\u00e9m com a presen\u00e7a do secret\u00e1rio de Governo Rodrigo Parra, [&hellip;]<\/p>\n","protected":false},"author":1,"featured_media":46161,"comment_status":"closed","ping_status":"open","sticky":false,"template":"","format":"standard","meta":{"footnotes":""},"categories":[110,122],"tags":[],"class_list":["post-46158","post","type-post","status-publish","format-standard","has-post-thumbnail","hentry","category-noticiasdestaque","category-saudeeducacaoeconcurso"],"_links":{"self":[{"href":"https:\/\/jorgezanoni.com.br\/2019\/wp-json\/wp\/v2\/posts\/46158","targetHints":{"allow":["GET"]}}],"collection":[{"href":"https:\/\/jorgezanoni.com.br\/2019\/wp-json\/wp\/v2\/posts"}],"about":[{"href":"https:\/\/jorgezanoni.com.br\/2019\/wp-json\/wp\/v2\/types\/post"}],"author":[{"embeddable":true,"href":"https:\/\/jorgezanoni.com.br\/2019\/wp-json\/wp\/v2\/users\/1"}],"replies":[{"embeddable":true,"href":"https:\/\/jorgezanoni.com.br\/2019\/wp-json\/wp\/v2\/comments?post=46158"}],"version-history":[{"count":0,"href":"https:\/\/jorgezanoni.com.br\/2019\/wp-json\/wp\/v2\/posts\/46158\/revisions"}],"wp:featuredmedia":[{"embeddable":true,"href":"https:\/\/jorgezanoni.com.br\/2019\/wp-json\/wp\/v2\/media\/46161"}],"wp:attachment":[{"href":"https:\/\/jorgezanoni.com.br\/2019\/wp-json\/wp\/v2\/media?parent=46158"}],"wp:term":[{"taxonomy":"category","embeddable":true,"href":"https:\/\/jorgezanoni.com.br\/2019\/wp-json\/wp\/v2\/categories?post=46158"},{"taxonomy":"post_tag","embeddable":true,"href":"https:\/\/jorgezanoni.com.br\/2019\/wp-json\/wp\/v2\/tags?post=46158"}],"curies":[{"name":"wp","href":"https:\/\/api.w.org\/{rel}","templated":true}]}}