{"id":4615,"date":"2019-08-24T01:23:35","date_gmt":"2019-08-24T01:23:35","guid":{"rendered":"https:\/\/jorgezanoni.com.br\/2019\/?p=4615"},"modified":"2019-08-24T01:25:44","modified_gmt":"2019-08-24T01:25:44","slug":"motociclista-morre-apos-bater-em-outra-moto-em-avenida-de-rio-preto","status":"publish","type":"post","link":"https:\/\/jorgezanoni.com.br\/2019\/motociclista-morre-apos-bater-em-outra-moto-em-avenida-de-rio-preto\/","title":{"rendered":"Motociclista morre ap\u00f3s bater em outra moto em avenida de Rio Preto"},"content":{"rendered":"<div class=\"row content-head non-featured \">\n<div class=\"medium-centered subtitle\">\n<h2 class=\"content-head__subtitle\" style=\"text-align: justify;\"><strong>Diego Fernandes Grilo trafegava pela via, quando perdeu o controle da dire\u00e7\u00e3o, invadiu a faixa contr\u00e1ria e bateu de frente com outra motocicleta. Ele foi socorrido, mas morreu a caminho do hospital.<\/strong><\/h2>\n<p><img loading=\"lazy\" decoding=\"async\" class=\"alignnone size-full wp-image-4616\" src=\"https:\/\/jorgezanoni.com.br\/2019\/wp-content\/uploads\/2019\/08\/moto.jpeg\" alt=\"\" width=\"1000\" height=\"563\" srcset=\"https:\/\/jorgezanoni.com.br\/2019\/wp-content\/uploads\/2019\/08\/moto.jpeg 1000w, https:\/\/jorgezanoni.com.br\/2019\/wp-content\/uploads\/2019\/08\/moto-300x169.jpeg 300w, https:\/\/jorgezanoni.com.br\/2019\/wp-content\/uploads\/2019\/08\/moto-768x432.jpeg 768w, https:\/\/jorgezanoni.com.br\/2019\/wp-content\/uploads\/2019\/08\/moto-696x392.jpeg 696w, https:\/\/jorgezanoni.com.br\/2019\/wp-content\/uploads\/2019\/08\/moto-746x420.jpeg 746w\" sizes=\"auto, (max-width: 1000px) 100vw, 1000px\" \/><\/p>\n<div class=\"mc-column content-text active-extra-styles \" data-block-type=\"unstyled\" data-block-weight=\"32\" data-block-id=\"2\">\n<p class=\"content-text__container \" style=\"text-align: justify;\" data-track-category=\"Link no Texto\" data-track-links=\"\">Um motociclista de 32 anos morreu depois de se envolver em um acidente na avenida Dr. Ernani Pires Domingues, em S\u00e3o Jos\u00e9 do Rio Preto (SP), na tarde desta sexta-feira (23).<\/p>\n<\/div>\n<div class=\"wall protected-content\">\n<div class=\"mc-column content-text active-extra-styles \" style=\"text-align: justify;\" data-block-type=\"unstyled\" data-block-weight=\"30\" data-block-id=\"3\">\n<p class=\"content-text__container \" data-track-category=\"Link no Texto\" data-track-links=\"\">De acordo com a Pol\u00edcia Militar, Diego Fernandes Grilo trafegava pela via, quando perdeu o controle da dire\u00e7\u00e3o, invadiu a faixa contr\u00e1ria e bateu de frente com outra motocicleta.<\/p>\n<\/div>\n<div class=\"mc-column content-text active-extra-styles \" style=\"text-align: justify;\" data-block-type=\"unstyled\" data-block-weight=\"31\" data-block-id=\"4\">\n<p class=\"content-text__container \" data-track-category=\"Link no Texto\" data-track-links=\"\">Com o impacto da batida, Diego sofreu diversos ferimentos pelo corpo. Ele chegou a ser socorrido pelo Corpo de Bombeiros, mas sofreu uma parada card\u00edaca e morreu a caminho do hospital.<\/p>\n<p data-track-category=\"Link no Texto\" data-track-links=\"\"><img loading=\"lazy\" decoding=\"async\" class=\"alignnone size-full wp-image-4620\" src=\"https:\/\/jorgezanoni.com.br\/2019\/wp-content\/uploads\/2019\/08\/moto1-1.jpeg\" alt=\"\" width=\"1000\" height=\"1210\" srcset=\"https:\/\/jorgezanoni.com.br\/2019\/wp-content\/uploads\/2019\/08\/moto1-1.jpeg 1000w, https:\/\/jorgezanoni.com.br\/2019\/wp-content\/uploads\/2019\/08\/moto1-1-248x300.jpeg 248w, https:\/\/jorgezanoni.com.br\/2019\/wp-content\/uploads\/2019\/08\/moto1-1-768x929.jpeg 768w, https:\/\/jorgezanoni.com.br\/2019\/wp-content\/uploads\/2019\/08\/moto1-1-846x1024.jpeg 846w, https:\/\/jorgezanoni.com.br\/2019\/wp-content\/uploads\/2019\/08\/moto1-1-696x842.jpeg 696w, https:\/\/jorgezanoni.com.br\/2019\/wp-content\/uploads\/2019\/08\/moto1-1-347x420.jpeg 347w\" sizes=\"auto, (max-width: 1000px) 100vw, 1000px\" \/><\/p>\n<\/div>\n<div class=\"mc-column content-text active-extra-styles \" data-block-type=\"unstyled\" data-block-weight=\"22\" data-block-id=\"5\">\n<p class=\"content-text__container \" style=\"text-align: justify;\" data-track-category=\"Link no Texto\" data-track-links=\"\">Ainda segundo a corpora\u00e7\u00e3o, o outro motociclista envolvido na batida n\u00e3o sofreu ferimentos. As causas da batida ser\u00e3o investigadas pela Pol\u00edcia Civil.<\/p>\n<p style=\"text-align: justify;\" data-track-category=\"Link no Texto\" data-track-links=\"\">Fonte: G1<\/p>\n<\/div>\n<\/div>\n<\/div>\n<\/div>\n<div class=\"content__signa-share\">\n<div class=\"content__signature\">\n<div class=\"content-publication-data\">\n<div class=\"content-publication-data__text\"><\/div>\n<\/div>\n<\/div>\n<\/div>\n","protected":false},"excerpt":{"rendered":"<p>Diego Fernandes Grilo trafegava pela via, quando perdeu o controle da dire\u00e7\u00e3o, invadiu a faixa contr\u00e1ria e bateu de frente com outra motocicleta. Ele foi socorrido, mas morreu a caminho do hospital. Um motociclista de 32 anos morreu depois de se envolver em um acidente na avenida Dr. Ernani Pires Domingues, em S\u00e3o Jos\u00e9 do [&hellip;]<\/p>\n","protected":false},"author":1,"featured_media":4621,"comment_status":"closed","ping_status":"open","sticky":false,"template":"","format":"standard","meta":{"footnotes":""},"categories":[170,110],"tags":[],"class_list":["post-4615","post","type-post","status-publish","format-standard","has-post-thumbnail","hentry","category-acidentes","category-noticiasdestaque"],"_links":{"self":[{"href":"https:\/\/jorgezanoni.com.br\/2019\/wp-json\/wp\/v2\/posts\/4615","targetHints":{"allow":["GET"]}}],"collection":[{"href":"https:\/\/jorgezanoni.com.br\/2019\/wp-json\/wp\/v2\/posts"}],"about":[{"href":"https:\/\/jorgezanoni.com.br\/2019\/wp-json\/wp\/v2\/types\/post"}],"author":[{"embeddable":true,"href":"https:\/\/jorgezanoni.com.br\/2019\/wp-json\/wp\/v2\/users\/1"}],"replies":[{"embeddable":true,"href":"https:\/\/jorgezanoni.com.br\/2019\/wp-json\/wp\/v2\/comments?post=4615"}],"version-history":[{"count":0,"href":"https:\/\/jorgezanoni.com.br\/2019\/wp-json\/wp\/v2\/posts\/4615\/revisions"}],"wp:featuredmedia":[{"embeddable":true,"href":"https:\/\/jorgezanoni.com.br\/2019\/wp-json\/wp\/v2\/media\/4621"}],"wp:attachment":[{"href":"https:\/\/jorgezanoni.com.br\/2019\/wp-json\/wp\/v2\/media?parent=4615"}],"wp:term":[{"taxonomy":"category","embeddable":true,"href":"https:\/\/jorgezanoni.com.br\/2019\/wp-json\/wp\/v2\/categories?post=4615"},{"taxonomy":"post_tag","embeddable":true,"href":"https:\/\/jorgezanoni.com.br\/2019\/wp-json\/wp\/v2\/tags?post=4615"}],"curies":[{"name":"wp","href":"https:\/\/api.w.org\/{rel}","templated":true}]}}