{"id":46135,"date":"2021-04-13T13:36:44","date_gmt":"2021-04-13T13:36:44","guid":{"rendered":"https:\/\/jorgezanoni.com.br\/2019\/?p=46135"},"modified":"2021-04-13T13:36:44","modified_gmt":"2021-04-13T13:36:44","slug":"egressos-do-curso-de-psicologia-se-destacam-no-ensino-superior-da-unifadra","status":"publish","type":"post","link":"https:\/\/jorgezanoni.com.br\/2019\/egressos-do-curso-de-psicologia-se-destacam-no-ensino-superior-da-unifadra\/","title":{"rendered":"Egressos do curso de Psicologia se destacam no Ensino Superior da Unifadra"},"content":{"rendered":"<p dir=\"ltr\" style=\"text-align: justify;\">O curso de Psicologia da Unifadra vem formando nos \u00faltimos anos profissionais que se destacam em diferentes campos de trabalho: cl\u00ednicas, empresas, escolas, hospitais, ensino superior, entre outros.<\/p>\n<p dir=\"ltr\" style=\"text-align: justify;\">A Unifadra tem o prazer de contar com dois profissionais formados pela pr\u00f3pria institui\u00e7\u00e3o que, de volta &#8220;\u00e0 casa&#8221;, agora como docentes, destacam-se pela exemplar atua\u00e7\u00e3o no processo formativo de novos psic\u00f3logos: a Profa. Especialista Paloma Emanoela Fava Felix e o Prof. Especialista Eduardo Antoniassi Oliveira.<\/p>\n<p dir=\"ltr\" style=\"text-align: justify;\">A Profa. Paloma, formada pela Unifadra em 2013, especialista em Psicologia e Sa\u00fade pela Universidade Estadual Paulista J\u00falio de Mesquita Filho (UNESP) e prestes a concluir a especializa\u00e7\u00e3o em Neuropsicologia, pelo Instituto de Ensino, Capacita\u00e7\u00e3o e P\u00f3s-gradua\u00e7\u00e3o (INDEP), inicia em 2021 sua trajet\u00f3ria em busca do t\u00edtulo de mestrado em Psicologia do Desenvolvimento e Aprendizagem pela Universidade Estadual Paulista J\u00falio de Mesquita Filho (UNESP).<\/p>\n<p dir=\"ltr\" style=\"text-align: justify;\">O Prof. Eduardo, formado pela Unifadra em 2016, especialista em Psican\u00e1lise pela Faculdade da Funda\u00e7\u00e3o Educacional Ara\u00e7atuba (FAC FEA) e membro associado da UBE &#8211; Uni\u00e3o Brasileira de Escritores, caminha em busca de uma nova especializa\u00e7\u00e3o, agora em Arteterapia pela Faculdade Venda Nova do Imigrante (FAVENI).<\/p>\n<p dir=\"ltr\" style=\"text-align: justify;\">A Profa. Ma. Andr\u00e9a Frizo, coordenadora do curso de Psicologia da Unifadra, ressaltou que &#8220;\u00e9 com muito orgulho que acompanhamos o desenvolvimento profissional de nossos egressos, agora colegas de profiss\u00e3o. \u00c9 motivo de muita felicidade para a institui\u00e7\u00e3o ter participado do processo formativo de profissionais de alta qualidade, como a Profa. Paloma e o Prof. Eduardo&#8221;.<\/p>\n<p dir=\"ltr\" style=\"text-align: justify;\">A coordenadora avalia, ao olhar para esses dois profissionais, assim como para tantos outros psic\u00f3logos formados pela Unifadra, que &#8220;a institui\u00e7\u00e3o e seu corpo docente v\u00eam cumprindo com excel\u00eancia a tarefa de proporcionar os conhecimentos iniciais que fundamentam a pr\u00e1tica profissional do psic\u00f3logo, preparando-os para o mercado de trabalho, assim como para a continuidade de seu processo formativo&#8221;. E finaliza afirmando que a Profa. Paloma e o Prof. Eduardo confirmam a velha frase de Arist\u00f3teles: &#8220;o verdadeiro disc\u00edpulo \u00e9 aquele que supera o mestre&#8221;.<\/p>\n<p dir=\"ltr\" style=\"text-align: justify;\">O diretor acad\u00eamico da Unifadra Prof. Dr. Enio Garbelini ressalta que \u00e9 motivo de muita satisfa\u00e7\u00e3o e orgulho saber que alunos egressos est\u00e3o desenvolvendo carreiras de sucesso, principalmente por voltarem \u00e0 institui\u00e7\u00e3o como docentes. Isso mostra a qualidade da forma\u00e7\u00e3o que receberam e tamb\u00e9m o quanto poder\u00e3o contribuir na forma\u00e7\u00e3o de novos profissionais.<\/p>\n<div class=\"gmail_signature\" dir=\"ltr\">\n<div dir=\"ltr\" style=\"text-align: justify;\">Carolina Colnago<br \/>\nAssistente de Comunica\u00e7\u00e3o<br \/>\nFunda\u00e7\u00e3o Dracenense de Educa\u00e7\u00e3o e Cultura<\/div>\n<\/div>\n","protected":false},"excerpt":{"rendered":"<p>O curso de Psicologia da Unifadra vem formando nos \u00faltimos anos profissionais que se destacam em diferentes campos de trabalho: cl\u00ednicas, empresas, escolas, hospitais, ensino superior, entre outros. A Unifadra tem o prazer de contar com dois profissionais formados pela pr\u00f3pria institui\u00e7\u00e3o que, de volta &#8220;\u00e0 casa&#8221;, agora como docentes, destacam-se pela exemplar atua\u00e7\u00e3o no [&hellip;]<\/p>\n","protected":false},"author":1,"featured_media":46136,"comment_status":"closed","ping_status":"open","sticky":false,"template":"","format":"standard","meta":{"footnotes":""},"categories":[122],"tags":[],"class_list":["post-46135","post","type-post","status-publish","format-standard","has-post-thumbnail","hentry","category-saudeeducacaoeconcurso"],"_links":{"self":[{"href":"https:\/\/jorgezanoni.com.br\/2019\/wp-json\/wp\/v2\/posts\/46135","targetHints":{"allow":["GET"]}}],"collection":[{"href":"https:\/\/jorgezanoni.com.br\/2019\/wp-json\/wp\/v2\/posts"}],"about":[{"href":"https:\/\/jorgezanoni.com.br\/2019\/wp-json\/wp\/v2\/types\/post"}],"author":[{"embeddable":true,"href":"https:\/\/jorgezanoni.com.br\/2019\/wp-json\/wp\/v2\/users\/1"}],"replies":[{"embeddable":true,"href":"https:\/\/jorgezanoni.com.br\/2019\/wp-json\/wp\/v2\/comments?post=46135"}],"version-history":[{"count":0,"href":"https:\/\/jorgezanoni.com.br\/2019\/wp-json\/wp\/v2\/posts\/46135\/revisions"}],"wp:featuredmedia":[{"embeddable":true,"href":"https:\/\/jorgezanoni.com.br\/2019\/wp-json\/wp\/v2\/media\/46136"}],"wp:attachment":[{"href":"https:\/\/jorgezanoni.com.br\/2019\/wp-json\/wp\/v2\/media?parent=46135"}],"wp:term":[{"taxonomy":"category","embeddable":true,"href":"https:\/\/jorgezanoni.com.br\/2019\/wp-json\/wp\/v2\/categories?post=46135"},{"taxonomy":"post_tag","embeddable":true,"href":"https:\/\/jorgezanoni.com.br\/2019\/wp-json\/wp\/v2\/tags?post=46135"}],"curies":[{"name":"wp","href":"https:\/\/api.w.org\/{rel}","templated":true}]}}