{"id":46132,"date":"2021-04-13T13:19:40","date_gmt":"2021-04-13T13:19:40","guid":{"rendered":"https:\/\/jorgezanoni.com.br\/2019\/?p=46132"},"modified":"2021-04-13T13:19:40","modified_gmt":"2021-04-13T13:19:40","slug":"cep-ume-abre-matriculas-para-nova-turma-de-tecnico-em-enfermagem","status":"publish","type":"post","link":"https:\/\/jorgezanoni.com.br\/2019\/cep-ume-abre-matriculas-para-nova-turma-de-tecnico-em-enfermagem\/","title":{"rendered":"CEP\/UME abre matr\u00edculas para nova turma de T\u00e9cnico em Enfermagem"},"content":{"rendered":"<p dir=\"ltr\" style=\"text-align: justify;\">O CEP\/UME, unidade mantida pela Fundec de Dracena, est\u00e1 com matr\u00edculas abertas para o curso T\u00e9cnico em Enfermagem. As matr\u00edculas poder\u00e3o ser feitas at\u00e9 o dia 30 de abril. O curso \u00e9 noturno e tem 2 anos de dura\u00e7\u00e3o.<br \/>\nO profissional de Enfermagem \u00e9 um generalista, atuando em v\u00e1rias \u00e1reas da sa\u00fade e podendo especializar-se em cada uma delas. A principal fun\u00e7\u00e3o do profissional de Enfermagem \u00e9 a preserva\u00e7\u00e3o da vida e a promo\u00e7\u00e3o da sa\u00fade.<br \/>\nCom um ano de curso, o estudante j\u00e1 est\u00e1 habilitado para atuar como Auxiliar de Enfermagem. Concluindo o segundo ano, o aluno recebe a habilita\u00e7\u00e3o de T\u00e9cnico em Enfermagem.<br \/>\nComo qualquer outro profissional, o de Enfermagem \u00e9 membro efetivo da equipe multidisciplinar e multiprofissional na assist\u00eancia ao indiv\u00edduo como um todo.<\/p>\n<p dir=\"ltr\" style=\"text-align: justify;\">Para a forma\u00e7\u00e3o de um profissional de qualidade, al\u00e9m das disciplinas em aulas te\u00f3ricas, o estudante dever\u00e1 ter uma forma\u00e7\u00e3o pr\u00e1tica, por meio de est\u00e1gios supervisionados por enfermeiros.<br \/>\nA diretora do CEP\/UME Profa. Julia Portari destacou que a Fundec tem tradi\u00e7\u00e3o na oferta de cursos na \u00e1rea da sa\u00fade, dispondo de laborat\u00f3rios com alta tecnologia e conv\u00eanios para est\u00e1gios pr\u00e1ticos que aliam a teoria \u00e0 pr\u00e1tica, garantindo o melhor ensino aos seus alunos.<\/p>\n<p dir=\"ltr\" style=\"text-align: justify;\">Para os alunos matriculados at\u00e9 30\/04, ser\u00e3o concedidos isen\u00e7\u00e3o da taxa de matr\u00edcula e 20% de desconto nas mensalidades. O in\u00edcio das aulas ser\u00e1 no segundo semestre de 2021.<br \/>\nMais informa\u00e7\u00f5es pelo WhatsApp: (18) 99802-1237 (Centro de Informa\u00e7\u00f5es da Fundec).<\/p>\n<p style=\"text-align: justify;\">Carolina Colnago<\/p>\n<div class=\"gmail_signature\" dir=\"ltr\">\n<div dir=\"ltr\" style=\"text-align: justify;\">Assistente de Comunica\u00e7\u00e3o<br \/>\nFunda\u00e7\u00e3o Dracenense de Educa\u00e7\u00e3o e Cultura<\/div>\n<\/div>\n","protected":false},"excerpt":{"rendered":"<p>O CEP\/UME, unidade mantida pela Fundec de Dracena, est\u00e1 com matr\u00edculas abertas para o curso T\u00e9cnico em Enfermagem. As matr\u00edculas poder\u00e3o ser feitas at\u00e9 o dia 30 de abril. O curso \u00e9 noturno e tem 2 anos de dura\u00e7\u00e3o. O profissional de Enfermagem \u00e9 um generalista, atuando em v\u00e1rias \u00e1reas da sa\u00fade e podendo especializar-se [&hellip;]<\/p>\n","protected":false},"author":1,"featured_media":46133,"comment_status":"closed","ping_status":"open","sticky":false,"template":"","format":"standard","meta":{"footnotes":""},"categories":[122],"tags":[],"class_list":["post-46132","post","type-post","status-publish","format-standard","has-post-thumbnail","hentry","category-saudeeducacaoeconcurso"],"_links":{"self":[{"href":"https:\/\/jorgezanoni.com.br\/2019\/wp-json\/wp\/v2\/posts\/46132","targetHints":{"allow":["GET"]}}],"collection":[{"href":"https:\/\/jorgezanoni.com.br\/2019\/wp-json\/wp\/v2\/posts"}],"about":[{"href":"https:\/\/jorgezanoni.com.br\/2019\/wp-json\/wp\/v2\/types\/post"}],"author":[{"embeddable":true,"href":"https:\/\/jorgezanoni.com.br\/2019\/wp-json\/wp\/v2\/users\/1"}],"replies":[{"embeddable":true,"href":"https:\/\/jorgezanoni.com.br\/2019\/wp-json\/wp\/v2\/comments?post=46132"}],"version-history":[{"count":0,"href":"https:\/\/jorgezanoni.com.br\/2019\/wp-json\/wp\/v2\/posts\/46132\/revisions"}],"wp:featuredmedia":[{"embeddable":true,"href":"https:\/\/jorgezanoni.com.br\/2019\/wp-json\/wp\/v2\/media\/46133"}],"wp:attachment":[{"href":"https:\/\/jorgezanoni.com.br\/2019\/wp-json\/wp\/v2\/media?parent=46132"}],"wp:term":[{"taxonomy":"category","embeddable":true,"href":"https:\/\/jorgezanoni.com.br\/2019\/wp-json\/wp\/v2\/categories?post=46132"},{"taxonomy":"post_tag","embeddable":true,"href":"https:\/\/jorgezanoni.com.br\/2019\/wp-json\/wp\/v2\/tags?post=46132"}],"curies":[{"name":"wp","href":"https:\/\/api.w.org\/{rel}","templated":true}]}}